{"id":1016,"date":"2025-01-11T00:00:00","date_gmt":"2025-01-11T03:00:00","guid":{"rendered":"https:\/\/app.euherdei.com.br\/blog\/heranca-e-direitos-dos-netos\/"},"modified":"2026-04-27T19:32:06","modified_gmt":"2026-04-27T22:32:06","slug":"heranca-e-direitos-dos-netos","status":"publish","type":"post","link":"https:\/\/euherdei.com.br\/blog\/heranca-e-direitos-dos-netos\/","title":{"rendered":"Heran\u00e7a e Direitos dos Netos"},"content":{"rendered":"<p style=\"line-height: 1.5;\"><span>No contexto do direito sucess\u00f3rio, os netos possuem direitos espec\u00edficos que dependem da configura\u00e7\u00e3o familiar e da presen\u00e7a de outros herdeiros. Compreender esses direitos \u00e9 essencial para garantir que os netos sejam inclu\u00eddos adequadamente na partilha de bens e que sua posi\u00e7\u00e3o jur\u00eddica seja respeitada. Este artigo explora as principais regras e situa\u00e7\u00f5es em que os netos se tornam herdeiros diretos.<\/span><\/p>\n<p><!--more--><\/p>\n<h2 style=\"line-height: 1.5;\"><strong>Quando os Netos T\u00eam Direito \u00e0 Heran\u00e7a?<\/strong><span><\/span><\/h2>\n<p style=\"line-height: 1.5;\"><span>Os netos t\u00eam direito \u00e0 heran\u00e7a em circunst\u00e2ncias espec\u00edficas, de acordo com o C\u00f3digo Civil brasileiro. As situa\u00e7\u00f5es mais comuns incluem:<\/span><span><\/span><\/p>\n<h3 style=\"line-height: 1.5;\"><strong>1. Representa\u00e7\u00e3o dos Pais Falecidos<\/strong><span><\/span><\/h3>\n<p style=\"line-height: 1.5;\"><span>Quando um dos pais (filho do falecido) j\u00e1 faleceu, os netos herdam por <\/span><strong>direito de representa\u00e7\u00e3o<\/strong><span>, ou seja, ocupam o lugar do pai ou da m\u00e3e na linha sucess\u00f3ria. Nesse caso:<\/span><span><\/span><\/p>\n<ul style=\"line-height: 1.5;\">\n<li><span>Os netos dividem entre si a parte que caberia ao pai ou \u00e0 m\u00e3e falecido(a).<\/span><\/li>\n<li><span>Se o pai ou a m\u00e3e tinha direito a 50% do patrim\u00f4nio, os netos repartem essa porcentagem igualmente entre si.<\/span><\/li>\n<\/ul>\n<h3 style=\"line-height: 1.5;\"><strong>2. Aus\u00eancia de Descendentes Diretos<\/strong><span><\/span><\/h3>\n<p style=\"line-height: 1.5;\"><span>Se o falecido n\u00e3o deixou filhos, mas tem netos vivos, estes herdam diretamente o patrim\u00f4nio como <\/span><strong>descendentes diretos<\/strong><span>.<\/span><span><\/span><\/p>\n<h3 style=\"line-height: 1.5;\"><strong>3. Exclus\u00e3o ou Ren\u00fancia de Herdeiros<\/strong><span><\/span><\/h3>\n<p style=\"line-height: 1.5;\"><span>Quando um herdeiro (pai ou m\u00e3e dos netos) renuncia \u00e0 heran\u00e7a ou \u00e9 exclu\u00eddo por motivos legais, os netos podem assumir sua posi\u00e7\u00e3o e herdar a parte correspondente.<\/span><span><\/span><\/p>\n<h2 style=\"line-height: 1.5;\"><strong>Como Funciona a Partilha Entre Netos?<\/strong><span><\/span><\/h2>\n<h3 style=\"line-height: 1.5;\"><strong>1. Partilha por Estirpe<\/strong><span><\/span><\/h3>\n<p style=\"line-height: 1.5;\"><span>No caso de direito de representa\u00e7\u00e3o, a heran\u00e7a \u00e9 dividida por <\/span><strong>estirpe<\/strong><span>, ou seja, por linha familiar. Cada linha (filhos ou netos de um herdeiro pr\u00e9-falecido) recebe a mesma parte que caberia ao pai ou \u00e0 m\u00e3e.<\/span><span><\/span><\/p>\n<p><span>Exemplo:<\/span><\/p>\n<ul style=\"line-height: 1.5;\">\n<li><span>O falecido tinha dois filhos, mas um j\u00e1 faleceu deixando dois netos.<\/span><\/li>\n<li><span>O filho vivo recebe 50% do patrim\u00f4nio.<\/span><\/li>\n<li><span>Os dois netos dividem os outros 50%, ficando com 25% cada um.<\/span><\/li>\n<\/ul>\n<h3 style=\"line-height: 1.5;\"><strong>2. Partilha Igualit\u00e1ria<\/strong><span><\/span><\/h3>\n<p style=\"line-height: 1.5;\"><span>Quando os netos herdam diretamente (sem direito de representa\u00e7\u00e3o), a partilha ocorre de forma igualit\u00e1ria entre todos os netos.<\/span><span><\/span><\/p>\n<h2 style=\"line-height: 1.5;\"><strong>Cl\u00e1usulas e Prote\u00e7\u00f5es para Netos no Planejamento Sucess\u00f3rio<\/strong><span><\/span><\/h2>\n<p style=\"line-height: 1.5;\"><span>No planejamento sucess\u00f3rio, \u00e9 poss\u00edvel incluir cl\u00e1usulas espec\u00edficas para proteger os interesses dos netos. Algumas op\u00e7\u00f5es incluem:<\/span><span><\/span><\/p>\n<ul style=\"line-height: 1.5;\">\n<li><strong>Cl\u00e1usulas de Usufruto:<\/strong><span> Garantem que o patrim\u00f4nio seja utilizado de forma respons\u00e1vel at\u00e9 que os netos alcancem a maioridade.<\/span><\/li>\n<li><strong>Inalienabilidade e Impenhorabilidade:<\/strong><span> Protegem os bens contra vendas ou d\u00edvidas futuras dos netos.<\/span><\/li>\n<li><strong>Testamentos Espec\u00edficos:<\/strong><span> Permitem destinar bens diretamente aos netos, independentemente do direito de representa\u00e7\u00e3o.<\/span><\/li>\n<\/ul>\n<h2 style=\"line-height: 1.5;\"><strong>Planejamento Antecipado para Garantir Direitos dos Netos<\/strong><span><\/span><\/h2>\n<h3 style=\"line-height: 1.5;\"><strong>1. Elabora\u00e7\u00e3o de Testamento<\/strong><span><\/span><\/h3>\n<p style=\"line-height: 1.5;\"><span>Um testamento pode designar explicitamente partes do patrim\u00f4nio aos netos, garantindo sua inclus\u00e3o na partilha mesmo em situa\u00e7\u00f5es at\u00edpicas.<\/span><span><\/span><\/p>\n<h3 style=\"line-height: 1.5;\"><strong>2. Doa\u00e7\u00f5es em Vida<\/strong><span><\/span><\/h3>\n<p style=\"line-height: 1.5;\"><span>Antecipar a transmiss\u00e3o de bens por meio de doa\u00e7\u00f5es ajuda a evitar conflitos futuros e a assegurar que os netos sejam beneficiados de forma planejada.<\/span><span><\/span><\/p>\n<h3 style=\"line-height: 1.5;\"><strong>3. Fundos de Prote\u00e7\u00e3o Patrimonial<\/strong><span><\/span><\/h3>\n<p style=\"line-height: 1.5;\"><span>Criar fundos ou trusts permite que os recursos sejam geridos com o objetivo de beneficiar os netos a longo prazo.<\/span><span><\/span><\/p>\n<h2 style=\"line-height: 1.5;\"><strong>Desafios Comuns e Como Evit\u00e1-los<\/strong><span><\/span><\/h2>\n<h3 style=\"line-height: 1.5;\"><strong>1. Conflitos Entre Herdeiros<\/strong><span><\/span><\/h3>\n<p style=\"line-height: 1.5;\"><span>Disputas entre filhos e netos sobre o direito \u00e0 heran\u00e7a podem surgir, especialmente em casos de fam\u00edlias grandes ou complexas. Planejar antecipadamente reduz o risco de lit\u00edgios.<\/span><span><\/span><\/p>\n<h3 style=\"line-height: 1.5;\"><strong>2. D\u00favidas Jur\u00eddicas<\/strong><span><\/span><\/h3>\n<p style=\"line-height: 1.5;\"><span>A interpreta\u00e7\u00e3o das regras de sucess\u00e3o pode variar em situa\u00e7\u00f5es espec\u00edficas. Consultar um advogado especializado \u00e9 essencial para evitar problemas legais.<\/span><span><\/span><\/p>\n<h3 style=\"line-height: 1.5;\"><strong>3. Administra\u00e7\u00e3o do Patrim\u00f4nio<\/strong><span><\/span><\/h3>\n<p style=\"line-height: 1.5;\"><span>Garantir que os bens destinados aos netos sejam bem administrados at\u00e9 que eles possam assumir sua posse \u00e9 um desafio comum que pode ser resolvido com a escolha de um tutor ou administrador.<\/span><span><\/span><\/p>\n<h2 style=\"line-height: 1.5;\"><strong>Conclus\u00e3o<\/strong><span><\/span><\/h2>\n<p style=\"line-height: 1.5;\"><span>Os direitos dos netos na heran\u00e7a s\u00e3o garantidos pela legisla\u00e7\u00e3o brasileira, mas sua aplica\u00e7\u00e3o depende de circunst\u00e2ncias espec\u00edficas. Planejar com anteced\u00eancia e utilizar ferramentas como testamentos e doa\u00e7\u00f5es em vida \u00e9 a melhor forma de proteger os interesses dos netos e evitar conflitos.<\/span><span><\/span><\/p>\n<p style=\"line-height: 1.5;\"><span>Se voc\u00ea deseja entender melhor os direitos dos netos no planejamento sucess\u00f3rio ou iniciar o processo de organiza\u00e7\u00e3o patrimonial, <\/span><a href=\"https:\/\/api.whatsapp.com\/send\/?phone=5511941062025&amp;text=Quero+falar+com+um+Especialista\" target=\"_blank\" raw_url=\"https:\/\/herdei.trb.ai\/wa\/1oYQpct\" runtime_url=\"https:\/\/herdei.trb.ai\/wa\/1oYQpct\" rel=\"noopener\">converse com um de nossos especialistas<\/a><span>. Estamos prontos para ajudar em todas as etapas desse processo.<\/span><\/p>\n","protected":false},"excerpt":{"rendered":"<p style=\"line-height: 1.5;\"><span>No contexto do direito sucess\u00f3rio, os netos possuem direitos espec\u00edficos que dependem da configura\u00e7\u00e3o familiar e da presen\u00e7a de outros herdeiros. Compreender esses direitos \u00e9 essencial para garantir que os netos sejam inclu\u00eddos adequadamente na partilha de bens e que sua posi\u00e7\u00e3o jur\u00eddica seja respeitada. Este artigo explora as principais regras e situa\u00e7\u00f5es em que os netos se tornam herdeiros diretos.<\/span><\/p>\n","protected":false},"author":2,"featured_media":1015,"comment_status":"closed","ping_status":"","sticky":false,"template":"","format":"standard","meta":{"_yoast_wpseo_title":"Heran\u00e7a e Direitos dos Netos","_yoast_wpseo_metadesc":"Descubra os direitos dos netos na heran\u00e7a, incluindo situa\u00e7\u00f5es de representa\u00e7\u00e3o, partilha igualit\u00e1ria e planejamento sucess\u00f3rio para proteger seus interesses.","footnotes":""},"categories":[5,7],"tags":[],"class_list":["post-1016","post","type-post","status-publish","format-standard","has-post-thumbnail","hentry","category-heranca","category-holding-familiar"],"yoast_head":"<!-- This site is optimized with the Yoast SEO plugin v27.4 - https:\/\/yoast.com\/product\/yoast-seo-wordpress\/ -->\n<title>Heran\u00e7a e Direitos dos Netos<\/title>\n<meta name=\"description\" content=\"Descubra os direitos dos netos na heran\u00e7a, incluindo situa\u00e7\u00f5es de representa\u00e7\u00e3o, partilha igualit\u00e1ria e planejamento sucess\u00f3rio para proteger seus interesses.\" \/>\n<meta name=\"robots\" content=\"index, follow, max-snippet:-1, max-image-preview:large, max-video-preview:-1\" \/>\n<link rel=\"canonical\" href=\"https:\/\/euherdei.com.br\/blog\/heranca-e-direitos-dos-netos\/\" \/>\n<meta property=\"og:locale\" content=\"pt_BR\" \/>\n<meta property=\"og:type\" content=\"article\" \/>\n<meta property=\"og:title\" content=\"Heran\u00e7a e Direitos dos Netos\" \/>\n<meta property=\"og:description\" content=\"Descubra os direitos dos netos na heran\u00e7a, incluindo situa\u00e7\u00f5es de representa\u00e7\u00e3o, partilha igualit\u00e1ria e planejamento sucess\u00f3rio para proteger seus interesses.\" \/>\n<meta property=\"og:url\" content=\"https:\/\/euherdei.com.br\/blog\/heranca-e-direitos-dos-netos\/\" \/>\n<meta property=\"og:site_name\" content=\"Herdei Blog\" \/>\n<meta property=\"article:publisher\" content=\"https:\/\/m.facebook.com\/euherdei\/\" \/>\n<meta property=\"article:published_time\" content=\"2025-01-11T03:00:00+00:00\" \/>\n<meta property=\"article:modified_time\" content=\"2026-04-27T22:32:06+00:00\" \/>\n<meta property=\"og:image\" content=\"https:\/\/euherdei.com.br\/blog\/wp-content\/uploads\/2026\/04\/heranca-e-direitos-dos-netos-scaled.jpeg\" \/>\n\t<meta property=\"og:image:width\" content=\"1707\" \/>\n\t<meta property=\"og:image:height\" content=\"2560\" \/>\n\t<meta property=\"og:image:type\" content=\"image\/jpeg\" \/>\n<meta name=\"author\" content=\"Daniel Duque\" \/>\n<meta name=\"twitter:card\" content=\"summary_large_image\" \/>\n<meta name=\"twitter:creator\" content=\"@euherdei\" \/>\n<meta name=\"twitter:site\" content=\"@euherdei\" \/>\n<meta name=\"twitter:label1\" content=\"Escrito por\" \/>\n\t<meta name=\"twitter:data1\" content=\"Daniel Duque\" \/>\n\t<meta name=\"twitter:label2\" content=\"Est. tempo de leitura\" \/>\n\t<meta name=\"twitter:data2\" content=\"4 minutos\" \/>\n<script type=\"application\/ld+json\" class=\"yoast-schema-graph\">{\"@context\":\"https:\\\/\\\/schema.org\",\"@graph\":[{\"@type\":\"Article\",\"@id\":\"https:\\\/\\\/euherdei.com.br\\\/blog\\\/heranca-e-direitos-dos-netos\\\/#article\",\"isPartOf\":{\"@id\":\"https:\\\/\\\/euherdei.com.br\\\/blog\\\/heranca-e-direitos-dos-netos\\\/\"},\"author\":{\"name\":\"Daniel Duque\",\"@id\":\"https:\\\/\\\/euherdei.com.br\\\/blog\\\/#\\\/schema\\\/person\\\/19a9fdfd0c4057a226ae09ae11d1b524\"},\"headline\":\"Heran\u00e7a e Direitos dos Netos\",\"datePublished\":\"2025-01-11T03:00:00+00:00\",\"dateModified\":\"2026-04-27T22:32:06+00:00\",\"mainEntityOfPage\":{\"@id\":\"https:\\\/\\\/euherdei.com.br\\\/blog\\\/heranca-e-direitos-dos-netos\\\/\"},\"wordCount\":713,\"publisher\":{\"@id\":\"https:\\\/\\\/euherdei.com.br\\\/blog\\\/#organization\"},\"image\":{\"@id\":\"https:\\\/\\\/euherdei.com.br\\\/blog\\\/heranca-e-direitos-dos-netos\\\/#primaryimage\"},\"thumbnailUrl\":\"https:\\\/\\\/euherdei.com.br\\\/blog\\\/wp-content\\\/uploads\\\/2026\\\/04\\\/heranca-e-direitos-dos-netos-scaled.jpeg\",\"articleSection\":[\"Heran\u00e7a\",\"Holding Familiar\"],\"inLanguage\":\"pt-BR\"},{\"@type\":\"WebPage\",\"@id\":\"https:\\\/\\\/euherdei.com.br\\\/blog\\\/heranca-e-direitos-dos-netos\\\/\",\"url\":\"https:\\\/\\\/euherdei.com.br\\\/blog\\\/heranca-e-direitos-dos-netos\\\/\",\"name\":\"Heran\u00e7a e Direitos dos Netos\",\"isPartOf\":{\"@id\":\"https:\\\/\\\/euherdei.com.br\\\/blog\\\/#website\"},\"primaryImageOfPage\":{\"@id\":\"https:\\\/\\\/euherdei.com.br\\\/blog\\\/heranca-e-direitos-dos-netos\\\/#primaryimage\"},\"image\":{\"@id\":\"https:\\\/\\\/euherdei.com.br\\\/blog\\\/heranca-e-direitos-dos-netos\\\/#primaryimage\"},\"thumbnailUrl\":\"https:\\\/\\\/euherdei.com.br\\\/blog\\\/wp-content\\\/uploads\\\/2026\\\/04\\\/heranca-e-direitos-dos-netos-scaled.jpeg\",\"datePublished\":\"2025-01-11T03:00:00+00:00\",\"dateModified\":\"2026-04-27T22:32:06+00:00\",\"description\":\"Descubra os direitos dos netos na heran\u00e7a, incluindo situa\u00e7\u00f5es de representa\u00e7\u00e3o, partilha igualit\u00e1ria e planejamento sucess\u00f3rio para proteger seus interesses.\",\"breadcrumb\":{\"@id\":\"https:\\\/\\\/euherdei.com.br\\\/blog\\\/heranca-e-direitos-dos-netos\\\/#breadcrumb\"},\"inLanguage\":\"pt-BR\",\"potentialAction\":[{\"@type\":\"ReadAction\",\"target\":[\"https:\\\/\\\/euherdei.com.br\\\/blog\\\/heranca-e-direitos-dos-netos\\\/\"]}]},{\"@type\":\"ImageObject\",\"inLanguage\":\"pt-BR\",\"@id\":\"https:\\\/\\\/euherdei.com.br\\\/blog\\\/heranca-e-direitos-dos-netos\\\/#primaryimage\",\"url\":\"https:\\\/\\\/euherdei.com.br\\\/blog\\\/wp-content\\\/uploads\\\/2026\\\/04\\\/heranca-e-direitos-dos-netos-scaled.jpeg\",\"contentUrl\":\"https:\\\/\\\/euherdei.com.br\\\/blog\\\/wp-content\\\/uploads\\\/2026\\\/04\\\/heranca-e-direitos-dos-netos-scaled.jpeg\",\"width\":1707,\"height\":2560,\"caption\":\"heranca-e-direitos-dos-netos\"},{\"@type\":\"BreadcrumbList\",\"@id\":\"https:\\\/\\\/euherdei.com.br\\\/blog\\\/heranca-e-direitos-dos-netos\\\/#breadcrumb\",\"itemListElement\":[{\"@type\":\"ListItem\",\"position\":1,\"name\":\"In\u00edcio\",\"item\":\"https:\\\/\\\/euherdei.com.br\\\/blog\\\/\"},{\"@type\":\"ListItem\",\"position\":2,\"name\":\"Heran\u00e7a e Direitos dos Netos\"}]},{\"@type\":\"WebSite\",\"@id\":\"https:\\\/\\\/euherdei.com.br\\\/blog\\\/#website\",\"url\":\"https:\\\/\\\/euherdei.com.br\\\/blog\\\/\",\"name\":\"Herdei\",\"description\":\"Conhecimento pr\u00e1tico sobre planejamento sucess\u00f3rio, holding familiar e invent\u00e1rio extrajudicial.\",\"publisher\":{\"@id\":\"https:\\\/\\\/euherdei.com.br\\\/blog\\\/#organization\"},\"potentialAction\":[{\"@type\":\"SearchAction\",\"target\":{\"@type\":\"EntryPoint\",\"urlTemplate\":\"https:\\\/\\\/euherdei.com.br\\\/blog\\\/?s={search_term_string}\"},\"query-input\":{\"@type\":\"PropertyValueSpecification\",\"valueRequired\":true,\"valueName\":\"search_term_string\"}}],\"inLanguage\":\"pt-BR\"},{\"@type\":\"Organization\",\"@id\":\"https:\\\/\\\/euherdei.com.br\\\/blog\\\/#organization\",\"name\":\"Herdei\",\"url\":\"https:\\\/\\\/euherdei.com.br\\\/blog\\\/\",\"logo\":{\"@type\":\"ImageObject\",\"inLanguage\":\"pt-BR\",\"@id\":\"https:\\\/\\\/euherdei.com.br\\\/blog\\\/#\\\/schema\\\/logo\\\/image\\\/\",\"url\":\"https:\\\/\\\/app.euherdei.com.br\\\/blog\\\/wp-content\\\/uploads\\\/2026\\\/04\\\/herdei-logo.png\",\"contentUrl\":\"https:\\\/\\\/app.euherdei.com.br\\\/blog\\\/wp-content\\\/uploads\\\/2026\\\/04\\\/herdei-logo.png\",\"width\":501,\"height\":501,\"caption\":\"Herdei\"},\"image\":{\"@id\":\"https:\\\/\\\/euherdei.com.br\\\/blog\\\/#\\\/schema\\\/logo\\\/image\\\/\"},\"sameAs\":[\"https:\\\/\\\/m.facebook.com\\\/euherdei\\\/\",\"https:\\\/\\\/x.com\\\/euherdei\",\"https:\\\/\\\/www.instagram.com\\\/euherdei\",\"https:\\\/\\\/br.linkedin.com\\\/company\\\/euherdei\",\"https:\\\/\\\/www.tiktok.com\\\/@euherdei\"]},{\"@type\":\"Person\",\"@id\":\"https:\\\/\\\/euherdei.com.br\\\/blog\\\/#\\\/schema\\\/person\\\/19a9fdfd0c4057a226ae09ae11d1b524\",\"name\":\"Daniel Duque\",\"image\":{\"@type\":\"ImageObject\",\"inLanguage\":\"pt-BR\",\"@id\":\"https:\\\/\\\/secure.gravatar.com\\\/avatar\\\/715a80719021a56286cdc3386a420e3f6de4d8c18a81bac98b7cd10032ad09d6?s=96&d=mm&r=g\",\"url\":\"https:\\\/\\\/secure.gravatar.com\\\/avatar\\\/715a80719021a56286cdc3386a420e3f6de4d8c18a81bac98b7cd10032ad09d6?s=96&d=mm&r=g\",\"contentUrl\":\"https:\\\/\\\/secure.gravatar.com\\\/avatar\\\/715a80719021a56286cdc3386a420e3f6de4d8c18a81bac98b7cd10032ad09d6?s=96&d=mm&r=g\",\"caption\":\"Daniel Duque\"},\"url\":\"https:\\\/\\\/euherdei.com.br\\\/blog\\\/author\\\/daniel-duque\\\/\"}]}<\/script>\n<!-- \/ Yoast SEO plugin. -->","yoast_head_json":{"title":"Heran\u00e7a e Direitos dos Netos","description":"Descubra os direitos dos netos na heran\u00e7a, incluindo situa\u00e7\u00f5es de representa\u00e7\u00e3o, partilha igualit\u00e1ria e planejamento sucess\u00f3rio para proteger seus interesses.","robots":{"index":"index","follow":"follow","max-snippet":"max-snippet:-1","max-image-preview":"max-image-preview:large","max-video-preview":"max-video-preview:-1"},"canonical":"https:\/\/euherdei.com.br\/blog\/heranca-e-direitos-dos-netos\/","og_locale":"pt_BR","og_type":"article","og_title":"Heran\u00e7a e Direitos dos Netos","og_description":"Descubra os direitos dos netos na heran\u00e7a, incluindo situa\u00e7\u00f5es de representa\u00e7\u00e3o, partilha igualit\u00e1ria e planejamento sucess\u00f3rio para proteger seus interesses.","og_url":"https:\/\/euherdei.com.br\/blog\/heranca-e-direitos-dos-netos\/","og_site_name":"Herdei Blog","article_publisher":"https:\/\/m.facebook.com\/euherdei\/","article_published_time":"2025-01-11T03:00:00+00:00","article_modified_time":"2026-04-27T22:32:06+00:00","og_image":[{"width":1707,"height":2560,"url":"https:\/\/euherdei.com.br\/blog\/wp-content\/uploads\/2026\/04\/heranca-e-direitos-dos-netos-scaled.jpeg","type":"image\/jpeg"}],"author":"Daniel Duque","twitter_card":"summary_large_image","twitter_creator":"@euherdei","twitter_site":"@euherdei","twitter_misc":{"Escrito por":"Daniel Duque","Est. tempo de leitura":"4 minutos"},"schema":{"@context":"https:\/\/schema.org","@graph":[{"@type":"Article","@id":"https:\/\/euherdei.com.br\/blog\/heranca-e-direitos-dos-netos\/#article","isPartOf":{"@id":"https:\/\/euherdei.com.br\/blog\/heranca-e-direitos-dos-netos\/"},"author":{"name":"Daniel Duque","@id":"https:\/\/euherdei.com.br\/blog\/#\/schema\/person\/19a9fdfd0c4057a226ae09ae11d1b524"},"headline":"Heran\u00e7a e Direitos dos Netos","datePublished":"2025-01-11T03:00:00+00:00","dateModified":"2026-04-27T22:32:06+00:00","mainEntityOfPage":{"@id":"https:\/\/euherdei.com.br\/blog\/heranca-e-direitos-dos-netos\/"},"wordCount":713,"publisher":{"@id":"https:\/\/euherdei.com.br\/blog\/#organization"},"image":{"@id":"https:\/\/euherdei.com.br\/blog\/heranca-e-direitos-dos-netos\/#primaryimage"},"thumbnailUrl":"https:\/\/euherdei.com.br\/blog\/wp-content\/uploads\/2026\/04\/heranca-e-direitos-dos-netos-scaled.jpeg","articleSection":["Heran\u00e7a","Holding Familiar"],"inLanguage":"pt-BR"},{"@type":"WebPage","@id":"https:\/\/euherdei.com.br\/blog\/heranca-e-direitos-dos-netos\/","url":"https:\/\/euherdei.com.br\/blog\/heranca-e-direitos-dos-netos\/","name":"Heran\u00e7a e Direitos dos Netos","isPartOf":{"@id":"https:\/\/euherdei.com.br\/blog\/#website"},"primaryImageOfPage":{"@id":"https:\/\/euherdei.com.br\/blog\/heranca-e-direitos-dos-netos\/#primaryimage"},"image":{"@id":"https:\/\/euherdei.com.br\/blog\/heranca-e-direitos-dos-netos\/#primaryimage"},"thumbnailUrl":"https:\/\/euherdei.com.br\/blog\/wp-content\/uploads\/2026\/04\/heranca-e-direitos-dos-netos-scaled.jpeg","datePublished":"2025-01-11T03:00:00+00:00","dateModified":"2026-04-27T22:32:06+00:00","description":"Descubra os direitos dos netos na heran\u00e7a, incluindo situa\u00e7\u00f5es de representa\u00e7\u00e3o, partilha igualit\u00e1ria e planejamento sucess\u00f3rio para proteger seus interesses.","breadcrumb":{"@id":"https:\/\/euherdei.com.br\/blog\/heranca-e-direitos-dos-netos\/#breadcrumb"},"inLanguage":"pt-BR","potentialAction":[{"@type":"ReadAction","target":["https:\/\/euherdei.com.br\/blog\/heranca-e-direitos-dos-netos\/"]}]},{"@type":"ImageObject","inLanguage":"pt-BR","@id":"https:\/\/euherdei.com.br\/blog\/heranca-e-direitos-dos-netos\/#primaryimage","url":"https:\/\/euherdei.com.br\/blog\/wp-content\/uploads\/2026\/04\/heranca-e-direitos-dos-netos-scaled.jpeg","contentUrl":"https:\/\/euherdei.com.br\/blog\/wp-content\/uploads\/2026\/04\/heranca-e-direitos-dos-netos-scaled.jpeg","width":1707,"height":2560,"caption":"heranca-e-direitos-dos-netos"},{"@type":"BreadcrumbList","@id":"https:\/\/euherdei.com.br\/blog\/heranca-e-direitos-dos-netos\/#breadcrumb","itemListElement":[{"@type":"ListItem","position":1,"name":"In\u00edcio","item":"https:\/\/euherdei.com.br\/blog\/"},{"@type":"ListItem","position":2,"name":"Heran\u00e7a e Direitos dos Netos"}]},{"@type":"WebSite","@id":"https:\/\/euherdei.com.br\/blog\/#website","url":"https:\/\/euherdei.com.br\/blog\/","name":"Herdei","description":"Conhecimento pr\u00e1tico sobre planejamento sucess\u00f3rio, holding familiar e invent\u00e1rio extrajudicial.","publisher":{"@id":"https:\/\/euherdei.com.br\/blog\/#organization"},"potentialAction":[{"@type":"SearchAction","target":{"@type":"EntryPoint","urlTemplate":"https:\/\/euherdei.com.br\/blog\/?s={search_term_string}"},"query-input":{"@type":"PropertyValueSpecification","valueRequired":true,"valueName":"search_term_string"}}],"inLanguage":"pt-BR"},{"@type":"Organization","@id":"https:\/\/euherdei.com.br\/blog\/#organization","name":"Herdei","url":"https:\/\/euherdei.com.br\/blog\/","logo":{"@type":"ImageObject","inLanguage":"pt-BR","@id":"https:\/\/euherdei.com.br\/blog\/#\/schema\/logo\/image\/","url":"https:\/\/app.euherdei.com.br\/blog\/wp-content\/uploads\/2026\/04\/herdei-logo.png","contentUrl":"https:\/\/app.euherdei.com.br\/blog\/wp-content\/uploads\/2026\/04\/herdei-logo.png","width":501,"height":501,"caption":"Herdei"},"image":{"@id":"https:\/\/euherdei.com.br\/blog\/#\/schema\/logo\/image\/"},"sameAs":["https:\/\/m.facebook.com\/euherdei\/","https:\/\/x.com\/euherdei","https:\/\/www.instagram.com\/euherdei","https:\/\/br.linkedin.com\/company\/euherdei","https:\/\/www.tiktok.com\/@euherdei"]},{"@type":"Person","@id":"https:\/\/euherdei.com.br\/blog\/#\/schema\/person\/19a9fdfd0c4057a226ae09ae11d1b524","name":"Daniel Duque","image":{"@type":"ImageObject","inLanguage":"pt-BR","@id":"https:\/\/secure.gravatar.com\/avatar\/715a80719021a56286cdc3386a420e3f6de4d8c18a81bac98b7cd10032ad09d6?s=96&d=mm&r=g","url":"https:\/\/secure.gravatar.com\/avatar\/715a80719021a56286cdc3386a420e3f6de4d8c18a81bac98b7cd10032ad09d6?s=96&d=mm&r=g","contentUrl":"https:\/\/secure.gravatar.com\/avatar\/715a80719021a56286cdc3386a420e3f6de4d8c18a81bac98b7cd10032ad09d6?s=96&d=mm&r=g","caption":"Daniel Duque"},"url":"https:\/\/euherdei.com.br\/blog\/author\/daniel-duque\/"}]}},"_links":{"self":[{"href":"https:\/\/euherdei.com.br\/blog\/wp-json\/wp\/v2\/posts\/1016","targetHints":{"allow":["GET"]}}],"collection":[{"href":"https:\/\/euherdei.com.br\/blog\/wp-json\/wp\/v2\/posts"}],"about":[{"href":"https:\/\/euherdei.com.br\/blog\/wp-json\/wp\/v2\/types\/post"}],"author":[{"embeddable":true,"href":"https:\/\/euherdei.com.br\/blog\/wp-json\/wp\/v2\/users\/2"}],"replies":[{"embeddable":true,"href":"https:\/\/euherdei.com.br\/blog\/wp-json\/wp\/v2\/comments?post=1016"}],"version-history":[{"count":1,"href":"https:\/\/euherdei.com.br\/blog\/wp-json\/wp\/v2\/posts\/1016\/revisions"}],"predecessor-version":[{"id":1637,"href":"https:\/\/euherdei.com.br\/blog\/wp-json\/wp\/v2\/posts\/1016\/revisions\/1637"}],"wp:featuredmedia":[{"embeddable":true,"href":"https:\/\/euherdei.com.br\/blog\/wp-json\/wp\/v2\/media\/1015"}],"wp:attachment":[{"href":"https:\/\/euherdei.com.br\/blog\/wp-json\/wp\/v2\/media?parent=1016"}],"wp:term":[{"taxonomy":"category","embeddable":true,"href":"https:\/\/euherdei.com.br\/blog\/wp-json\/wp\/v2\/categories?post=1016"},{"taxonomy":"post_tag","embeddable":true,"href":"https:\/\/euherdei.com.br\/blog\/wp-json\/wp\/v2\/tags?post=1016"}],"curies":[{"name":"wp","href":"https:\/\/api.w.org\/{rel}","templated":true}]}}