{"id":1074,"date":"2026-04-21T08:00:00","date_gmt":"2026-04-21T11:00:00","guid":{"rendered":"https:\/\/app.euherdei.com.br\/blog\/heranca-impacto-nos-beneficios-sociais-e-auxilios-governamentais-recebidos\/"},"modified":"2026-04-27T19:32:40","modified_gmt":"2026-04-27T22:32:40","slug":"heranca-impacto-nos-beneficios-sociais-e-auxilios-governamentais-recebidos","status":"publish","type":"post","link":"https:\/\/euherdei.com.br\/blog\/heranca-impacto-nos-beneficios-sociais-e-auxilios-governamentais-recebidos\/","title":{"rendered":"HERAN\u00c7A: impacto nos benef\u00edcios sociais e aux\u00edlios governamentais recebidos"},"content":{"rendered":"<p><span>Receber uma <\/span><strong><span>heran\u00e7a<\/span><\/strong><span> pode ser um momento de reflex\u00e3o e, muitas vezes, de al\u00edvio financeiro para quem a recebe. Contudo, \u00e9 fundamental compreender que esse novo patrim\u00f4nio n\u00e3o vem apenas com os bens ou valores herdados, mas tamb\u00e9m com responsabilidades e poss\u00edveis impactos em outras esferas da sua vida, especialmente se voc\u00ea \u00e9 benefici\u00e1rio de programas sociais e aux\u00edlios governamentais.<\/span><\/p>\n<p><!--more--><\/p>\n<p style=\"line-height: 1.2;\"><span>A complexidade da legisla\u00e7\u00e3o brasileira exige aten\u00e7\u00e3o redobrada para que a alegria de receber uma heran\u00e7a n\u00e3o se transforme em dor de cabe\u00e7a futura. Muitos se perguntam: \u201cMeu benef\u00edcio ser\u00e1 cancelado?\u201d; \u201cTerei que devolver o que recebi?\u201d. Este artigo visa esclarecer essas d\u00favidas, oferecendo um guia completo sobre como a heran\u00e7a pode interagir com os <\/span><strong><span>benef\u00edcios sociais<\/span><\/strong><span> e aux\u00edlios governamentais, e o que fazer para se manter em conformidade com a lei.<\/span><\/p>\n<p style=\"line-height: 1.2; text-align: center;\"><span style=\"white-space-collapse: preserve;\"><span style=\"width: 556px; height: 370px;\"><img loading=\"lazy\" decoding=\"async\" src=\"https:\/\/44906606.fs1.hubspotusercontent-na1.net\/hubfs\/44906606\/undefined-Mar-31-2026-01-38-13-2072-PM.png\" width=\"1170\" height=\"781\"><\/span><\/span><\/p>\n<p style=\"line-height: 1.2; text-align: center;\"><em><span>Foto: <\/span><\/em><a href=\"https:\/\/unsplash.com\/pt-br\/fotografias\/homem-escrevendo-no-papel-OQMZwNd3ThU\"><em><u><span style=\"color: #1155cc;\">Unsplash<\/span><\/u><\/em><\/a><em><span>.<\/span><\/em><\/p>\n<h3 style=\"line-height: 1.2;\"><strong><span>Como receber uma heran\u00e7a afeta programas sociais como Bolsa Fam\u00edlia<\/span><\/strong><\/h3>\n<p style=\"line-height: 1.2;\"><span>A din\u00e2mica dos programas de transfer\u00eancia de renda no Brasil \u00e9 pautada na an\u00e1lise da renda familiar e da composi\u00e7\u00e3o do n\u00facleo familiar. Ao receber uma heran\u00e7a, a renda ou o patrim\u00f4nio de um indiv\u00edduo ou fam\u00edlia pode ser alterado significativamente, o que tem um impacto direto na elegibilidade e manuten\u00e7\u00e3o de programas como o Bolsa Fam\u00edlia, BPC (Benef\u00edcio de Presta\u00e7\u00e3o Continuada) e outros aux\u00edlios.<\/span><\/p>\n<h4 style=\"line-height: 1.2;\"><strong><span>Altera\u00e7\u00e3o da Renda Familiar e Perfil de Elegibilidade<\/span><\/strong><\/h4>\n<p style=\"line-height: 1.2;\"><span>Programas como o Bolsa Fam\u00edlia s\u00e3o destinados a fam\u00edlias em situa\u00e7\u00e3o de pobreza e extrema pobreza, com base em crit\u00e9rios de renda per capita. Quando uma heran\u00e7a \u00e9 recebida, seja em dinheiro, im\u00f3veis ou outros bens de valor, ela pode ser considerada no c\u00e1lculo da renda familiar ou do patrim\u00f4nio. Se o valor herdado elevar a renda per capita da fam\u00edlia acima do limite estabelecido pelo programa, o benefici\u00e1rio pode perder o direito ao aux\u00edlio.<\/span><\/p>\n<ul>\n<li><strong><span>Bolsa Fam\u00edlia:<\/span><\/strong><span> o principal crit\u00e9rio \u00e9 a renda mensal por pessoa da fam\u00edlia. A heran\u00e7a, especialmente se for em dinheiro, pode ser entendida como um acr\u00e9scimo de renda ou patrim\u00f4nio, alterando o perfil de elegibilidade. \u00c9 crucial atualizar o Cadastro \u00danico (Cad\u00danico) imediatamente ap\u00f3s o recebimento.<\/span><\/li>\n<li><strong><span>BPC (Benef\u00edcio de Presta\u00e7\u00e3o Continuada):<\/span><\/strong><span> destinado a idosos e pessoas com defici\u00eancia em situa\u00e7\u00e3o de vulnerabilidade, o BPC exige que a renda familiar per capita seja inferior a 1\/4 do sal\u00e1rio m\u00ednimo. Uma heran\u00e7a pode comprometer esse requisito, levando \u00e0 suspens\u00e3o ou cancelamento do benef\u00edcio.<\/span><\/li>\n<li><strong><span>Outros Aux\u00edlios:<\/span><\/strong><span> muitos outros programas habitacionais, de sa\u00fade ou educacionais tamb\u00e9m utilizam crit\u00e9rios de renda e patrim\u00f4nio. A heran\u00e7a pode afetar a elegibilidade para descontos em tarifas de energia, \u00e1gua, programas de moradia popular e bolsas de estudo.<\/span><\/li>\n<\/ul>\n<p style=\"line-height: 1.2;\"><span>\u00c9 importante ressaltar que a regra n\u00e3o \u00e9 que toda heran\u00e7a automaticamente cancela o benef\u00edcio. O que \u00e9 analisado \u00e9 o impacto da heran\u00e7a na situa\u00e7\u00e3o econ\u00f4mica da fam\u00edlia. Por isso, a atualiza\u00e7\u00e3o cadastral \u00e9 um passo inegoci\u00e1vel.<\/span><\/p>\n<h3 style=\"line-height: 1.2;\"><strong><span>A import\u00e2ncia de declarar a heran\u00e7a para evitar problemas com benef\u00edcios<\/span><\/strong><\/h3>\n<p style=\"line-height: 1.2;\"><span>A omiss\u00e3o de informa\u00e7\u00f5es sobre o recebimento de uma heran\u00e7a pode trazer consequ\u00eancias s\u00e9rias para o benefici\u00e1rio, incluindo a suspens\u00e3o do aux\u00edlio, a necessidade de devolver os valores recebidos indevidamente e at\u00e9 mesmo san\u00e7\u00f5es legais. A transpar\u00eancia e a conformidade s\u00e3o pilares para a manuten\u00e7\u00e3o da sua tranquilidade.<\/span><\/p>\n<h4 style=\"line-height: 1.2;\"><strong><span>Obriga\u00e7\u00f5es Cadastrais e Fiscais<\/span><\/strong><\/h4>\n<p style=\"line-height: 1.2;\"><span>Declarar a heran\u00e7a n\u00e3o \u00e9 apenas uma quest\u00e3o de honestidade, mas uma obriga\u00e7\u00e3o legal e fiscal. No Brasil, o processo de invent\u00e1rio \u2013 que \u00e9 o levantamento de todos os bens e d\u00edvidas do falecido para partilha entre os herdeiros \u2013 \u00e9 essencial e legalmente exigido. Durante esse processo, a heran\u00e7a \u00e9 oficialmente reconhecida e, posteriormente, deve ser declarada em impostos como o ITCMD (Imposto sobre Transmiss\u00e3o Causa Mortis e Doa\u00e7\u00e3o) e na Declara\u00e7\u00e3o de Imposto de Renda Pessoa F\u00edsica (IRPF).<\/span><\/p>\n<p>&nbsp;<\/p>\n<ul>\n<li><strong><span>Atualiza\u00e7\u00e3o do Cadastro \u00danico (Cad\u00danico):<\/span><\/strong><span> para quem recebe benef\u00edcios sociais, a atualiza\u00e7\u00e3o do Cad\u00danico \u00e9 mandat\u00f3ria sempre que houver qualquer mudan\u00e7a na situa\u00e7\u00e3o familiar ou de renda, incluindo o recebimento de uma heran\u00e7a. O prazo para essa atualiza\u00e7\u00e3o \u00e9 geralmente de 24 meses, mas em caso de altera\u00e7\u00f5es significativas como uma heran\u00e7a, \u00e9 recomend\u00e1vel faz\u00ea-lo o mais r\u00e1pido poss\u00edvel.<\/span><\/li>\n<li><strong><span>Declara\u00e7\u00e3o de Imposto de Renda Pessoa F\u00edsica (IRPF):<\/span><\/strong><span> a heran\u00e7a, embora n\u00e3o seja tributada como renda, deve ser informada na Declara\u00e7\u00e3o de Bens e Direitos da sua Declara\u00e7\u00e3o de IRPF, especificando a origem e o valor dos bens herdados. A n\u00e3o declara\u00e7\u00e3o pode acarretar em multas e problemas com a Receita Federal.<\/span><\/li>\n<li><strong><span>Transpar\u00eancia com os \u00d3rg\u00e3os Gestores:<\/span><\/strong><span> ao declarar a heran\u00e7a e atualizar seus dados, voc\u00ea garante que os \u00f3rg\u00e3os respons\u00e1veis pelos benef\u00edcios sociais tenham as informa\u00e7\u00f5es corretas sobre sua situa\u00e7\u00e3o financeira, evitando o recebimento indevido e a subsequente cobran\u00e7a de valores ou exclus\u00e3o do programa.<\/span><\/li>\n<\/ul>\n<p>&nbsp;<\/p>\n<p style=\"line-height: 1.2; text-align: center;\"><span style=\"white-space-collapse: preserve;\"><span style=\"width: 530px; height: 353px;\"><img loading=\"lazy\" decoding=\"async\" src=\"https:\/\/44906606.fs1.hubspotusercontent-na1.net\/hubfs\/44906606\/undefined-Mar-31-2026-01-38-12-3686-PM.png\" width=\"1170\" height=\"780\"><\/span><\/span><\/p>\n<p style=\"line-height: 1.2; text-align: center;\"><em><span>Foto: <\/span><\/em><a href=\"https:\/\/unsplash.com\/pt-br\/fotografias\/uma-caneta-sentada-em-cima-de-uma-pilha-de-papeis-OJbjBsNIwjk\"><em><u><span style=\"color: #1155cc;\">Unsplash<\/span><\/u><\/em><\/a><em><span>.<\/span><\/em><\/p>\n<h3 style=\"line-height: 1.2;\"><strong><span>Herdei e agora: entenda as regras da heran\u00e7a e seus impactos fiscais<\/span><\/strong><\/h3>\n<p style=\"line-height: 1.2;\"><span>O recebimento de uma heran\u00e7a envolve um conjunto de procedimentos legais e fiscais que precisam ser compreendidos para evitar surpresas. Desde o invent\u00e1rio at\u00e9 o pagamento de impostos, cada etapa \u00e9 crucial.<\/span><\/p>\n<h4 style=\"line-height: 1.2;\"><strong><span>O Processo de Invent\u00e1rio e Partilha<\/span><\/strong><\/h4>\n<p style=\"line-height: 1.2;\"><span>Quando algu\u00e9m falece, \u00e9 necess\u00e1rio abrir um processo de invent\u00e1rio para levantar todos os bens (ativos e passivos) deixados e definir a partilha entre os herdeiros leg\u00edtimos e testament\u00e1rios. No Brasil, o invent\u00e1rio pode ser judicial (quando h\u00e1 herdeiros menores de idade, incapazes ou em situa\u00e7\u00f5es espec\u00edficas que exigem a interven\u00e7\u00e3o da Justi\u00e7a) ou extrajudicial (quando todos os herdeiros s\u00e3o maiores e capazes e h\u00e1 consenso, realizado em cart\u00f3rio).<\/span><\/p>\n<ul>\n<li><strong><span>Prazo para Abertura:<\/span><\/strong><span> o invent\u00e1rio deve ser aberto em at\u00e9 60 dias ap\u00f3s o falecimento. O descumprimento desse prazo pode gerar multa sobre o ITCMD.<\/span><\/li>\n<li><strong><span>Custos:<\/span><\/strong><span> o processo de invent\u00e1rio envolve custos com advogados, taxas judiciais (se for o caso) e o ITCMD.<\/span><\/li>\n<\/ul>\n<h4 style=\"line-height: 1.2;\"><strong><span>O Imposto sobre Transmiss\u00e3o Causa Mortis e Doa\u00e7\u00e3o (ITCMD)<\/span><\/strong><\/h4>\n<p style=\"line-height: 1.2;\"><span>Um dos principais impactos fiscais da heran\u00e7a \u00e9 o ITCMD. Este imposto estadual incide sobre a transmiss\u00e3o de qualquer bem ou direito por heran\u00e7a ou doa\u00e7\u00e3o.<\/span><\/p>\n<ul>\n<li><strong><span>Al\u00edquotas:<\/span><\/strong><span> as al\u00edquotas do ITCMD variam de estado para estado no Brasil, geralmente entre 2% e 8% sobre o valor venal dos bens herdados.<\/span><\/li>\n<li><strong><span>Base de C\u00e1lculo:<\/span><\/strong><span> a base de c\u00e1lculo do ITCMD \u00e9 o valor de mercado (venal) dos bens e direitos transmitidos.<\/span><\/li>\n<li><strong><span>Responsabilidade:<\/span><\/strong><span> o pagamento do ITCMD \u00e9, via de regra, responsabilidade do herdeiro que recebe o bem ou direito. O n\u00e3o pagamento impede a regulariza\u00e7\u00e3o e a transfer\u00eancia dos bens para o nome dos herdeiros.<\/span><\/li>\n<\/ul>\n<p style=\"line-height: 1.2;\"><span>\u00c9 fundamental ter um planejamento e assessoria jur\u00eddica para entender esses custos e garantir que a heran\u00e7a seja recebida de forma regular.<\/span><\/p>\n<h3 style=\"line-height: 1.2;\"><strong><span>Orienta\u00e7\u00f5es para quem recebe heran\u00e7a e usufrui de aux\u00edlios governamentais<\/span><\/strong><\/h3>\n<p style=\"line-height: 1.2;\"><span>Receber uma heran\u00e7a e ainda ser benefici\u00e1rio de aux\u00edlios governamentais exige um cuidado especial e a\u00e7\u00f5es proativas para garantir a conformidade e evitar problemas futuros.<\/span><\/p>\n<h4 style=\"line-height: 1.2;\"><strong><span>1. Busque Orienta\u00e7\u00e3o Profissional<\/span><\/strong><\/h4>\n<p style=\"line-height: 1.2;\"><span>Assim que souber da exist\u00eancia de uma heran\u00e7a, procure um advogado especialista em direito sucess\u00f3rio e um contador. Eles poder\u00e3o orient\u00e1-lo sobre o processo de invent\u00e1rio, os impostos aplic\u00e1veis e a melhor forma de gerenciar o impacto nos seus benef\u00edcios.<\/span><\/p>\n<h4 style=\"line-height: 1.2;\"><strong><span>2. Atualize o Cadastro \u00danico (Cad\u00danico)<\/span><\/strong><\/h4>\n<p style=\"line-height: 1.2;\"><span>Esta \u00e9 a a\u00e7\u00e3o mais importante para quem recebe benef\u00edcios sociais. Mesmo que a heran\u00e7a ainda esteja em processo de invent\u00e1rio, a expectativa de recebimento e a altera\u00e7\u00e3o patrimonial futura j\u00e1 devem ser consideradas. Ap\u00f3s a finaliza\u00e7\u00e3o e recebimento dos bens, a atualiza\u00e7\u00e3o com os valores e bens exatos \u00e9 crucial. N\u00e3o omita informa\u00e7\u00f5es, pois o cruzamento de dados entre diferentes \u00f3rg\u00e3os governamentais \u00e9 cada vez mais eficiente.<\/span><\/p>\n<h4 style=\"line-height: 1.2;\"><strong><span>3. Avalie o Impacto na Renda Familiar<\/span><\/strong><\/h4>\n<p style=\"line-height: 1.2;\"><span>Com o aux\u00edlio de profissionais, calcule como a heran\u00e7a pode alterar a renda per capita da sua fam\u00edlia. Se o valor for significativo e ultrapassar os limites dos programas sociais, esteja preparado para a possibilidade de ter seu benef\u00edcio suspenso ou cancelado.<\/span><\/p>\n<h4 style=\"line-height: 1.2;\"><strong><span>4. Planeje o Uso da Heran\u00e7a<\/span><\/strong><\/h4>\n<p style=\"line-height: 1.2;\"><span>Se a heran\u00e7a for em dinheiro, considere como ela ser\u00e1 utilizada. Aplicar o valor em bens que n\u00e3o geram renda imediata, como a quita\u00e7\u00e3o de d\u00edvidas ou a aquisi\u00e7\u00e3o de um im\u00f3vel para moradia, pode ter um impacto diferente do que aplicar o valor em investimentos que geram rendimentos mensais.<\/span><\/p>\n<h4 style=\"line-height: 1.2;\"><strong><span>5. Esteja Preparado para o Desligamento dos Benef\u00edcios<\/span><\/strong><\/h4>\n<p style=\"line-height: 1.2;\"><span>Em alguns casos, o recebimento da heran\u00e7a pode ser um divisor de \u00e1guas, significando que voc\u00ea n\u00e3o se enquadra mais nos crit\u00e9rios de vulnerabilidade que justificam os benef\u00edcios sociais. Encare isso como um passo adiante na sua autonomia financeira, utilizando a heran\u00e7a para construir uma base mais s\u00f3lida para o seu futuro.<\/span><\/p>\n<h4 style=\"line-height: 1.2;\"><strong><span>6. Guarde Toda a Documenta\u00e7\u00e3o<\/span><\/strong><\/h4>\n<p style=\"line-height: 1.2;\"><span>Mantenha organizados todos os documentos relacionados \u00e0 heran\u00e7a: invent\u00e1rio, partilha, comprovantes de pagamento de impostos, atualiza\u00e7\u00f5es do Cad\u00danico e declara\u00e7\u00f5es de Imposto de Renda. Essa documenta\u00e7\u00e3o ser\u00e1 vital em caso de fiscaliza\u00e7\u00e3o ou questionamento por parte dos \u00f3rg\u00e3os p\u00fablicos.<\/span><\/p>\n<p style=\"line-height: 1.2;\"><span>Receber uma heran\u00e7a \u00e9 um evento de grande significado e responsabilidade. Para aqueles que dependem de aux\u00edlios governamentais, \u00e9 um momento que exige cautela, informa\u00e7\u00e3o e a\u00e7\u00e3o. A transpar\u00eancia e a busca por orienta\u00e7\u00e3o profissional s\u00e3o o caminho para garantir que esse patrim\u00f4nio seja integrado \u00e0 sua vida de forma tranquila e em conformidade com a legisla\u00e7\u00e3o. Evitar problemas futuros \u00e9 a melhor estrat\u00e9gia para quem deseja desfrutar plenamente do que foi herdado, sem comprometer sua situa\u00e7\u00e3o perante os programas de benef\u00edcios sociais.<\/span><\/p>\n<p style=\"line-height: 1.2;\"><span>Pensando em como lidar com a sua heran\u00e7a e suas implica\u00e7\u00f5es? Conte com a expertise da Herdei para simplificar esse processo complexo e garantir que voc\u00ea esteja em conformidade com todas as exig\u00eancias legais.<\/span><\/p>\n<p style=\"line-height: 1.2;\"><a href=\"https:\/\/euherdei.com.br\/\"><u><span style=\"color: #0000ee;\">Saiba mais sobre heran\u00e7a e planejamento sucess\u00f3rio em nosso site!<\/span><\/u><\/a><\/p>\n","protected":false},"excerpt":{"rendered":"<p><span>Receber uma <\/span><strong><span>heran\u00e7a<\/span><\/strong><span> pode ser um momento de reflex\u00e3o e, muitas vezes, de al\u00edvio financeiro para quem a recebe. Contudo, \u00e9 fundamental compreender que esse novo patrim\u00f4nio n\u00e3o vem apenas com os bens ou valores herdados, mas tamb\u00e9m com responsabilidades e poss\u00edveis impactos em outras esferas da sua vida, especialmente se voc\u00ea \u00e9 benefici\u00e1rio de programas sociais e aux\u00edlios governamentais.<\/span><\/p>\n","protected":false},"author":3,"featured_media":1073,"comment_status":"closed","ping_status":"","sticky":false,"template":"","format":"standard","meta":{"_yoast_wpseo_title":"HERAN\u00c7A: impacto nos benef\u00edcios sociais e aux\u00edlios governamentais recebidos","_yoast_wpseo_metadesc":"Descubra como receber uma heran\u00e7a pode impactar seus benef\u00edcios sociais e aux\u00edlios governamentais. Evite surpresas com a Herdei. Saiba mais!","footnotes":""},"categories":[139,59,5,15,51,21,11],"tags":[],"class_list":["post-1074","post","type-post","status-publish","format-standard","has-post-thumbnail","hentry","category-beneficios-sociais","category-direito-sucessorio","category-heranca","category-herdei","category-itcmd","category-planejamento-de-heranca","category-planejamento-sucessorio"],"yoast_head":"<!-- This site is optimized with the Yoast SEO plugin v27.4 - https:\/\/yoast.com\/product\/yoast-seo-wordpress\/ -->\n<title>HERAN\u00c7A: impacto nos benef\u00edcios sociais e aux\u00edlios governamentais recebidos<\/title>\n<meta name=\"description\" content=\"Descubra como receber uma heran\u00e7a pode impactar seus benef\u00edcios sociais e aux\u00edlios governamentais. Evite surpresas com a Herdei. Saiba mais!\" \/>\n<meta name=\"robots\" content=\"index, follow, max-snippet:-1, max-image-preview:large, max-video-preview:-1\" \/>\n<link rel=\"canonical\" href=\"https:\/\/euherdei.com.br\/blog\/heranca-impacto-nos-beneficios-sociais-e-auxilios-governamentais-recebidos\/\" \/>\n<meta property=\"og:locale\" content=\"pt_BR\" \/>\n<meta property=\"og:type\" content=\"article\" \/>\n<meta property=\"og:title\" content=\"HERAN\u00c7A: impacto nos benef\u00edcios sociais e aux\u00edlios governamentais recebidos\" \/>\n<meta property=\"og:description\" content=\"Descubra como receber uma heran\u00e7a pode impactar seus benef\u00edcios sociais e aux\u00edlios governamentais. Evite surpresas com a Herdei. Saiba mais!\" \/>\n<meta property=\"og:url\" content=\"https:\/\/euherdei.com.br\/blog\/heranca-impacto-nos-beneficios-sociais-e-auxilios-governamentais-recebidos\/\" \/>\n<meta property=\"og:site_name\" content=\"Herdei Blog\" \/>\n<meta property=\"article:publisher\" content=\"https:\/\/m.facebook.com\/euherdei\/\" \/>\n<meta property=\"article:published_time\" content=\"2026-04-21T11:00:00+00:00\" \/>\n<meta property=\"article:modified_time\" content=\"2026-04-27T22:32:40+00:00\" \/>\n<meta property=\"og:image\" content=\"https:\/\/euherdei.com.br\/blog\/wp-content\/uploads\/2026\/04\/undefined-Mar-31-2026-01-38-13-2072-PM.png\" \/>\n\t<meta property=\"og:image:width\" content=\"1170\" \/>\n\t<meta property=\"og:image:height\" content=\"781\" \/>\n\t<meta property=\"og:image:type\" content=\"image\/png\" \/>\n<meta name=\"author\" content=\"Fala Content\" \/>\n<meta name=\"twitter:card\" content=\"summary_large_image\" \/>\n<meta name=\"twitter:creator\" content=\"@euherdei\" \/>\n<meta name=\"twitter:site\" content=\"@euherdei\" \/>\n<meta name=\"twitter:label1\" content=\"Escrito por\" \/>\n\t<meta name=\"twitter:data1\" content=\"Fala Content\" \/>\n\t<meta name=\"twitter:label2\" content=\"Est. tempo de leitura\" \/>\n\t<meta name=\"twitter:data2\" content=\"9 minutos\" \/>\n<script type=\"application\/ld+json\" class=\"yoast-schema-graph\">{\"@context\":\"https:\\\/\\\/schema.org\",\"@graph\":[{\"@type\":\"Article\",\"@id\":\"https:\\\/\\\/euherdei.com.br\\\/blog\\\/heranca-impacto-nos-beneficios-sociais-e-auxilios-governamentais-recebidos\\\/#article\",\"isPartOf\":{\"@id\":\"https:\\\/\\\/euherdei.com.br\\\/blog\\\/heranca-impacto-nos-beneficios-sociais-e-auxilios-governamentais-recebidos\\\/\"},\"author\":{\"name\":\"Fala Content\",\"@id\":\"https:\\\/\\\/euherdei.com.br\\\/blog\\\/#\\\/schema\\\/person\\\/73e6ab0e66e227e3e7c591fe540838db\"},\"headline\":\"HERAN\u00c7A: impacto nos benef\u00edcios sociais e aux\u00edlios governamentais recebidos\",\"datePublished\":\"2026-04-21T11:00:00+00:00\",\"dateModified\":\"2026-04-27T22:32:40+00:00\",\"mainEntityOfPage\":{\"@id\":\"https:\\\/\\\/euherdei.com.br\\\/blog\\\/heranca-impacto-nos-beneficios-sociais-e-auxilios-governamentais-recebidos\\\/\"},\"wordCount\":1762,\"publisher\":{\"@id\":\"https:\\\/\\\/euherdei.com.br\\\/blog\\\/#organization\"},\"image\":{\"@id\":\"https:\\\/\\\/euherdei.com.br\\\/blog\\\/heranca-impacto-nos-beneficios-sociais-e-auxilios-governamentais-recebidos\\\/#primaryimage\"},\"thumbnailUrl\":\"https:\\\/\\\/euherdei.com.br\\\/blog\\\/wp-content\\\/uploads\\\/2026\\\/04\\\/undefined-Mar-31-2026-01-38-13-2072-PM.png\",\"articleSection\":[\"benef\u00edcios sociais\",\"direito sucess\u00f3rio\",\"Heran\u00e7a\",\"Herdei\",\"ITCMD\",\"planejamento de heran\u00e7a\",\"Planejamento Sucess\u00f3rio\"],\"inLanguage\":\"pt-BR\"},{\"@type\":\"WebPage\",\"@id\":\"https:\\\/\\\/euherdei.com.br\\\/blog\\\/heranca-impacto-nos-beneficios-sociais-e-auxilios-governamentais-recebidos\\\/\",\"url\":\"https:\\\/\\\/euherdei.com.br\\\/blog\\\/heranca-impacto-nos-beneficios-sociais-e-auxilios-governamentais-recebidos\\\/\",\"name\":\"HERAN\u00c7A: impacto nos benef\u00edcios sociais e aux\u00edlios governamentais recebidos\",\"isPartOf\":{\"@id\":\"https:\\\/\\\/euherdei.com.br\\\/blog\\\/#website\"},\"primaryImageOfPage\":{\"@id\":\"https:\\\/\\\/euherdei.com.br\\\/blog\\\/heranca-impacto-nos-beneficios-sociais-e-auxilios-governamentais-recebidos\\\/#primaryimage\"},\"image\":{\"@id\":\"https:\\\/\\\/euherdei.com.br\\\/blog\\\/heranca-impacto-nos-beneficios-sociais-e-auxilios-governamentais-recebidos\\\/#primaryimage\"},\"thumbnailUrl\":\"https:\\\/\\\/euherdei.com.br\\\/blog\\\/wp-content\\\/uploads\\\/2026\\\/04\\\/undefined-Mar-31-2026-01-38-13-2072-PM.png\",\"datePublished\":\"2026-04-21T11:00:00+00:00\",\"dateModified\":\"2026-04-27T22:32:40+00:00\",\"description\":\"Descubra como receber uma heran\u00e7a pode impactar seus benef\u00edcios sociais e aux\u00edlios governamentais. Evite surpresas com a Herdei. Saiba mais!\",\"breadcrumb\":{\"@id\":\"https:\\\/\\\/euherdei.com.br\\\/blog\\\/heranca-impacto-nos-beneficios-sociais-e-auxilios-governamentais-recebidos\\\/#breadcrumb\"},\"inLanguage\":\"pt-BR\",\"potentialAction\":[{\"@type\":\"ReadAction\",\"target\":[\"https:\\\/\\\/euherdei.com.br\\\/blog\\\/heranca-impacto-nos-beneficios-sociais-e-auxilios-governamentais-recebidos\\\/\"]}]},{\"@type\":\"ImageObject\",\"inLanguage\":\"pt-BR\",\"@id\":\"https:\\\/\\\/euherdei.com.br\\\/blog\\\/heranca-impacto-nos-beneficios-sociais-e-auxilios-governamentais-recebidos\\\/#primaryimage\",\"url\":\"https:\\\/\\\/euherdei.com.br\\\/blog\\\/wp-content\\\/uploads\\\/2026\\\/04\\\/undefined-Mar-31-2026-01-38-13-2072-PM.png\",\"contentUrl\":\"https:\\\/\\\/euherdei.com.br\\\/blog\\\/wp-content\\\/uploads\\\/2026\\\/04\\\/undefined-Mar-31-2026-01-38-13-2072-PM.png\",\"width\":1170,\"height\":781,\"caption\":\"Descubra como receber uma heran\u00e7a pode impactar seus benef\u00edcios sociais e aux\u00edlios governamentais. Evite surpresas com a Herdei. Saiba mais!\"},{\"@type\":\"BreadcrumbList\",\"@id\":\"https:\\\/\\\/euherdei.com.br\\\/blog\\\/heranca-impacto-nos-beneficios-sociais-e-auxilios-governamentais-recebidos\\\/#breadcrumb\",\"itemListElement\":[{\"@type\":\"ListItem\",\"position\":1,\"name\":\"In\u00edcio\",\"item\":\"https:\\\/\\\/euherdei.com.br\\\/blog\\\/\"},{\"@type\":\"ListItem\",\"position\":2,\"name\":\"HERAN\u00c7A: impacto nos benef\u00edcios sociais e aux\u00edlios governamentais recebidos\"}]},{\"@type\":\"WebSite\",\"@id\":\"https:\\\/\\\/euherdei.com.br\\\/blog\\\/#website\",\"url\":\"https:\\\/\\\/euherdei.com.br\\\/blog\\\/\",\"name\":\"Herdei\",\"description\":\"Conhecimento pr\u00e1tico sobre planejamento sucess\u00f3rio, holding familiar e invent\u00e1rio extrajudicial.\",\"publisher\":{\"@id\":\"https:\\\/\\\/euherdei.com.br\\\/blog\\\/#organization\"},\"potentialAction\":[{\"@type\":\"SearchAction\",\"target\":{\"@type\":\"EntryPoint\",\"urlTemplate\":\"https:\\\/\\\/euherdei.com.br\\\/blog\\\/?s={search_term_string}\"},\"query-input\":{\"@type\":\"PropertyValueSpecification\",\"valueRequired\":true,\"valueName\":\"search_term_string\"}}],\"inLanguage\":\"pt-BR\"},{\"@type\":\"Organization\",\"@id\":\"https:\\\/\\\/euherdei.com.br\\\/blog\\\/#organization\",\"name\":\"Herdei\",\"url\":\"https:\\\/\\\/euherdei.com.br\\\/blog\\\/\",\"logo\":{\"@type\":\"ImageObject\",\"inLanguage\":\"pt-BR\",\"@id\":\"https:\\\/\\\/euherdei.com.br\\\/blog\\\/#\\\/schema\\\/logo\\\/image\\\/\",\"url\":\"https:\\\/\\\/app.euherdei.com.br\\\/blog\\\/wp-content\\\/uploads\\\/2026\\\/04\\\/herdei-logo.png\",\"contentUrl\":\"https:\\\/\\\/app.euherdei.com.br\\\/blog\\\/wp-content\\\/uploads\\\/2026\\\/04\\\/herdei-logo.png\",\"width\":501,\"height\":501,\"caption\":\"Herdei\"},\"image\":{\"@id\":\"https:\\\/\\\/euherdei.com.br\\\/blog\\\/#\\\/schema\\\/logo\\\/image\\\/\"},\"sameAs\":[\"https:\\\/\\\/m.facebook.com\\\/euherdei\\\/\",\"https:\\\/\\\/x.com\\\/euherdei\",\"https:\\\/\\\/www.instagram.com\\\/euherdei\",\"https:\\\/\\\/br.linkedin.com\\\/company\\\/euherdei\",\"https:\\\/\\\/www.tiktok.com\\\/@euherdei\"]},{\"@type\":\"Person\",\"@id\":\"https:\\\/\\\/euherdei.com.br\\\/blog\\\/#\\\/schema\\\/person\\\/73e6ab0e66e227e3e7c591fe540838db\",\"name\":\"Fala Content\",\"image\":{\"@type\":\"ImageObject\",\"inLanguage\":\"pt-BR\",\"@id\":\"https:\\\/\\\/secure.gravatar.com\\\/avatar\\\/6b4c169de7418e1faa2876d0b46a67b0c10f5fc0e913a708099813e248946504?s=96&d=mm&r=g\",\"url\":\"https:\\\/\\\/secure.gravatar.com\\\/avatar\\\/6b4c169de7418e1faa2876d0b46a67b0c10f5fc0e913a708099813e248946504?s=96&d=mm&r=g\",\"contentUrl\":\"https:\\\/\\\/secure.gravatar.com\\\/avatar\\\/6b4c169de7418e1faa2876d0b46a67b0c10f5fc0e913a708099813e248946504?s=96&d=mm&r=g\",\"caption\":\"Fala Content\"},\"url\":\"https:\\\/\\\/euherdei.com.br\\\/blog\\\/author\\\/fala-content\\\/\"}]}<\/script>\n<!-- \/ Yoast SEO plugin. -->","yoast_head_json":{"title":"HERAN\u00c7A: impacto nos benef\u00edcios sociais e aux\u00edlios governamentais recebidos","description":"Descubra como receber uma heran\u00e7a pode impactar seus benef\u00edcios sociais e aux\u00edlios governamentais. Evite surpresas com a Herdei. Saiba mais!","robots":{"index":"index","follow":"follow","max-snippet":"max-snippet:-1","max-image-preview":"max-image-preview:large","max-video-preview":"max-video-preview:-1"},"canonical":"https:\/\/euherdei.com.br\/blog\/heranca-impacto-nos-beneficios-sociais-e-auxilios-governamentais-recebidos\/","og_locale":"pt_BR","og_type":"article","og_title":"HERAN\u00c7A: impacto nos benef\u00edcios sociais e aux\u00edlios governamentais recebidos","og_description":"Descubra como receber uma heran\u00e7a pode impactar seus benef\u00edcios sociais e aux\u00edlios governamentais. Evite surpresas com a Herdei. Saiba mais!","og_url":"https:\/\/euherdei.com.br\/blog\/heranca-impacto-nos-beneficios-sociais-e-auxilios-governamentais-recebidos\/","og_site_name":"Herdei Blog","article_publisher":"https:\/\/m.facebook.com\/euherdei\/","article_published_time":"2026-04-21T11:00:00+00:00","article_modified_time":"2026-04-27T22:32:40+00:00","og_image":[{"width":1170,"height":781,"url":"https:\/\/euherdei.com.br\/blog\/wp-content\/uploads\/2026\/04\/undefined-Mar-31-2026-01-38-13-2072-PM.png","type":"image\/png"}],"author":"Fala Content","twitter_card":"summary_large_image","twitter_creator":"@euherdei","twitter_site":"@euherdei","twitter_misc":{"Escrito por":"Fala Content","Est. tempo de leitura":"9 minutos"},"schema":{"@context":"https:\/\/schema.org","@graph":[{"@type":"Article","@id":"https:\/\/euherdei.com.br\/blog\/heranca-impacto-nos-beneficios-sociais-e-auxilios-governamentais-recebidos\/#article","isPartOf":{"@id":"https:\/\/euherdei.com.br\/blog\/heranca-impacto-nos-beneficios-sociais-e-auxilios-governamentais-recebidos\/"},"author":{"name":"Fala Content","@id":"https:\/\/euherdei.com.br\/blog\/#\/schema\/person\/73e6ab0e66e227e3e7c591fe540838db"},"headline":"HERAN\u00c7A: impacto nos benef\u00edcios sociais e aux\u00edlios governamentais recebidos","datePublished":"2026-04-21T11:00:00+00:00","dateModified":"2026-04-27T22:32:40+00:00","mainEntityOfPage":{"@id":"https:\/\/euherdei.com.br\/blog\/heranca-impacto-nos-beneficios-sociais-e-auxilios-governamentais-recebidos\/"},"wordCount":1762,"publisher":{"@id":"https:\/\/euherdei.com.br\/blog\/#organization"},"image":{"@id":"https:\/\/euherdei.com.br\/blog\/heranca-impacto-nos-beneficios-sociais-e-auxilios-governamentais-recebidos\/#primaryimage"},"thumbnailUrl":"https:\/\/euherdei.com.br\/blog\/wp-content\/uploads\/2026\/04\/undefined-Mar-31-2026-01-38-13-2072-PM.png","articleSection":["benef\u00edcios sociais","direito sucess\u00f3rio","Heran\u00e7a","Herdei","ITCMD","planejamento de heran\u00e7a","Planejamento Sucess\u00f3rio"],"inLanguage":"pt-BR"},{"@type":"WebPage","@id":"https:\/\/euherdei.com.br\/blog\/heranca-impacto-nos-beneficios-sociais-e-auxilios-governamentais-recebidos\/","url":"https:\/\/euherdei.com.br\/blog\/heranca-impacto-nos-beneficios-sociais-e-auxilios-governamentais-recebidos\/","name":"HERAN\u00c7A: impacto nos benef\u00edcios sociais e aux\u00edlios governamentais recebidos","isPartOf":{"@id":"https:\/\/euherdei.com.br\/blog\/#website"},"primaryImageOfPage":{"@id":"https:\/\/euherdei.com.br\/blog\/heranca-impacto-nos-beneficios-sociais-e-auxilios-governamentais-recebidos\/#primaryimage"},"image":{"@id":"https:\/\/euherdei.com.br\/blog\/heranca-impacto-nos-beneficios-sociais-e-auxilios-governamentais-recebidos\/#primaryimage"},"thumbnailUrl":"https:\/\/euherdei.com.br\/blog\/wp-content\/uploads\/2026\/04\/undefined-Mar-31-2026-01-38-13-2072-PM.png","datePublished":"2026-04-21T11:00:00+00:00","dateModified":"2026-04-27T22:32:40+00:00","description":"Descubra como receber uma heran\u00e7a pode impactar seus benef\u00edcios sociais e aux\u00edlios governamentais. Evite surpresas com a Herdei. Saiba mais!","breadcrumb":{"@id":"https:\/\/euherdei.com.br\/blog\/heranca-impacto-nos-beneficios-sociais-e-auxilios-governamentais-recebidos\/#breadcrumb"},"inLanguage":"pt-BR","potentialAction":[{"@type":"ReadAction","target":["https:\/\/euherdei.com.br\/blog\/heranca-impacto-nos-beneficios-sociais-e-auxilios-governamentais-recebidos\/"]}]},{"@type":"ImageObject","inLanguage":"pt-BR","@id":"https:\/\/euherdei.com.br\/blog\/heranca-impacto-nos-beneficios-sociais-e-auxilios-governamentais-recebidos\/#primaryimage","url":"https:\/\/euherdei.com.br\/blog\/wp-content\/uploads\/2026\/04\/undefined-Mar-31-2026-01-38-13-2072-PM.png","contentUrl":"https:\/\/euherdei.com.br\/blog\/wp-content\/uploads\/2026\/04\/undefined-Mar-31-2026-01-38-13-2072-PM.png","width":1170,"height":781,"caption":"Descubra como receber uma heran\u00e7a pode impactar seus benef\u00edcios sociais e aux\u00edlios governamentais. Evite surpresas com a Herdei. Saiba mais!"},{"@type":"BreadcrumbList","@id":"https:\/\/euherdei.com.br\/blog\/heranca-impacto-nos-beneficios-sociais-e-auxilios-governamentais-recebidos\/#breadcrumb","itemListElement":[{"@type":"ListItem","position":1,"name":"In\u00edcio","item":"https:\/\/euherdei.com.br\/blog\/"},{"@type":"ListItem","position":2,"name":"HERAN\u00c7A: impacto nos benef\u00edcios sociais e aux\u00edlios governamentais recebidos"}]},{"@type":"WebSite","@id":"https:\/\/euherdei.com.br\/blog\/#website","url":"https:\/\/euherdei.com.br\/blog\/","name":"Herdei","description":"Conhecimento pr\u00e1tico sobre planejamento sucess\u00f3rio, holding familiar e invent\u00e1rio extrajudicial.","publisher":{"@id":"https:\/\/euherdei.com.br\/blog\/#organization"},"potentialAction":[{"@type":"SearchAction","target":{"@type":"EntryPoint","urlTemplate":"https:\/\/euherdei.com.br\/blog\/?s={search_term_string}"},"query-input":{"@type":"PropertyValueSpecification","valueRequired":true,"valueName":"search_term_string"}}],"inLanguage":"pt-BR"},{"@type":"Organization","@id":"https:\/\/euherdei.com.br\/blog\/#organization","name":"Herdei","url":"https:\/\/euherdei.com.br\/blog\/","logo":{"@type":"ImageObject","inLanguage":"pt-BR","@id":"https:\/\/euherdei.com.br\/blog\/#\/schema\/logo\/image\/","url":"https:\/\/app.euherdei.com.br\/blog\/wp-content\/uploads\/2026\/04\/herdei-logo.png","contentUrl":"https:\/\/app.euherdei.com.br\/blog\/wp-content\/uploads\/2026\/04\/herdei-logo.png","width":501,"height":501,"caption":"Herdei"},"image":{"@id":"https:\/\/euherdei.com.br\/blog\/#\/schema\/logo\/image\/"},"sameAs":["https:\/\/m.facebook.com\/euherdei\/","https:\/\/x.com\/euherdei","https:\/\/www.instagram.com\/euherdei","https:\/\/br.linkedin.com\/company\/euherdei","https:\/\/www.tiktok.com\/@euherdei"]},{"@type":"Person","@id":"https:\/\/euherdei.com.br\/blog\/#\/schema\/person\/73e6ab0e66e227e3e7c591fe540838db","name":"Fala Content","image":{"@type":"ImageObject","inLanguage":"pt-BR","@id":"https:\/\/secure.gravatar.com\/avatar\/6b4c169de7418e1faa2876d0b46a67b0c10f5fc0e913a708099813e248946504?s=96&d=mm&r=g","url":"https:\/\/secure.gravatar.com\/avatar\/6b4c169de7418e1faa2876d0b46a67b0c10f5fc0e913a708099813e248946504?s=96&d=mm&r=g","contentUrl":"https:\/\/secure.gravatar.com\/avatar\/6b4c169de7418e1faa2876d0b46a67b0c10f5fc0e913a708099813e248946504?s=96&d=mm&r=g","caption":"Fala Content"},"url":"https:\/\/euherdei.com.br\/blog\/author\/fala-content\/"}]}},"_links":{"self":[{"href":"https:\/\/euherdei.com.br\/blog\/wp-json\/wp\/v2\/posts\/1074","targetHints":{"allow":["GET"]}}],"collection":[{"href":"https:\/\/euherdei.com.br\/blog\/wp-json\/wp\/v2\/posts"}],"about":[{"href":"https:\/\/euherdei.com.br\/blog\/wp-json\/wp\/v2\/types\/post"}],"author":[{"embeddable":true,"href":"https:\/\/euherdei.com.br\/blog\/wp-json\/wp\/v2\/users\/3"}],"replies":[{"embeddable":true,"href":"https:\/\/euherdei.com.br\/blog\/wp-json\/wp\/v2\/comments?post=1074"}],"version-history":[{"count":1,"href":"https:\/\/euherdei.com.br\/blog\/wp-json\/wp\/v2\/posts\/1074\/revisions"}],"predecessor-version":[{"id":1666,"href":"https:\/\/euherdei.com.br\/blog\/wp-json\/wp\/v2\/posts\/1074\/revisions\/1666"}],"wp:featuredmedia":[{"embeddable":true,"href":"https:\/\/euherdei.com.br\/blog\/wp-json\/wp\/v2\/media\/1073"}],"wp:attachment":[{"href":"https:\/\/euherdei.com.br\/blog\/wp-json\/wp\/v2\/media?parent=1074"}],"wp:term":[{"taxonomy":"category","embeddable":true,"href":"https:\/\/euherdei.com.br\/blog\/wp-json\/wp\/v2\/categories?post=1074"},{"taxonomy":"post_tag","embeddable":true,"href":"https:\/\/euherdei.com.br\/blog\/wp-json\/wp\/v2\/tags?post=1074"}],"curies":[{"name":"wp","href":"https:\/\/api.w.org\/{rel}","templated":true}]}}