{"id":1086,"date":"2025-11-11T11:00:00","date_gmt":"2025-11-11T14:00:00","guid":{"rendered":"https:\/\/app.euherdei.com.br\/blog\/herdei-entenda-seus-direitos-se-o-falecido-deixou-um-testamento-publico-ou-particular\/"},"modified":"2026-04-27T19:32:47","modified_gmt":"2026-04-27T22:32:47","slug":"herdei-entenda-seus-direitos-se-o-falecido-deixou-um-testamento-publico-ou-particular","status":"publish","type":"post","link":"https:\/\/euherdei.com.br\/blog\/herdei-entenda-seus-direitos-se-o-falecido-deixou-um-testamento-publico-ou-particular\/","title":{"rendered":"Herdei: entenda seus direitos se o falecido deixou um testamento p\u00fablico ou particular"},"content":{"rendered":"<p style=\"font-size: 16px;\"><span style=\"color: #000000;\">O falecimento de um ente querido \u00e9 um momento delicado, repleto de desafios emocionais e, muitas vezes, burocr\u00e1ticos. Quando existe um testamento, seja ele p\u00fablico ou particular, surge uma camada adicional de complexidade, e a necessidade de entender os direitos e deveres dos herdeiros \u00e9 fundamental. Na <\/span><strong><span style=\"color: #000000;\">Herdei<\/span><\/strong><span style=\"color: #000000;\">, sabemos que navegar por esse processo pode ser confuso, por isso, estamos aqui para desmistificar o tema e mostrar como \u00e9 poss\u00edvel agilizar tudo, garantindo que a vontade do falecido seja respeitada e os direitos de todos os envolvidos sejam assegurados atrav\u00e9s da correta <\/span><strong><span style=\"color: #000000;\">valida\u00e7\u00e3o testament\u00e1ria<\/span><\/strong><span style=\"color: #000000;\">.<\/span><\/p>\n<p><!--more--><\/p>\n<p style=\"font-size: 12px;\"><span style=\"color: #000000;\"><br \/><img decoding=\"async\" src=\"https:\/\/44906606.fs1.hubspotusercontent-na1.net\/hubfs\/44906606\/herdei-um-patrim%C3%B4nio-quais-s%C3%A3o-os-meus-direitos-legais.webp\" width=\"5472\" height=\"3648\" loading=\"lazy\" alt=\"herdei-um-patrim\u00f4nio-quais-s\u00e3o-os-meus-direitos-legais\" style=\"height: auto; max-width: 100%; width: 5472px; margin-left: auto; margin-right: auto; display: block;\"><\/span><\/p>\n<h2 style=\"text-align: center; font-size: 12px;\"><span style=\"color: #000000;\"><em><span style=\"color: #000000;\">Herdei um testamento e agora? Quais s\u00e3o meus direitos? \/ Foto: Unsplash.<\/span><\/em><\/span><\/h2>\n<h2><span style=\"font-size: 18px; color: #000000;\">Herdei um patrim\u00f4nio: quais s\u00e3o os meus direitos legais?<\/span><\/h2>\n<p>Ao receber um patrim\u00f4nio, seja por lei ou por testamento, \u00e9 essencial compreender o que o C\u00f3digo Civil brasileiro estabelece. A legisla\u00e7\u00e3o visa proteger os chamados &#8220;herdeiros necess\u00e1rios&#8221;: descendentes (filhos, netos), ascendentes (pais, av\u00f3s) e o c\u00f4njuge ou companheiro. Para esses herdeiros, a lei garante a &#8220;leg\u00edtima&#8221;, que corresponde a 50% do patrim\u00f4nio total do falecido. Essa por\u00e7\u00e3o \u00e9 intoc\u00e1vel pelo testamento.<span style=\"color: #000000;\"><\/span><\/p>\n<p>O restante dos 50% do patrim\u00f4nio, conhecido como &#8220;parte dispon\u00edvel&#8221;, pode ser disposto livremente pelo testador por meio de um testamento. Isso significa que o falecido pode beneficiar qualquer pessoa ou institui\u00e7\u00e3o que desejar com essa por\u00e7\u00e3o, inclusive herdeiros necess\u00e1rios, se assim o entender. Portanto, se voc\u00ea \u00e9 um herdeiro necess\u00e1rio, tem direito \u00e0 sua parte leg\u00edtima, independentemente do que conste no testamento.&nbsp;<span style=\"color: #000000;\"><\/span><\/p>\n<p>Caso o testamento disponha de uma parte maior do que a dispon\u00edvel, excedendo os 50% que o testador poderia livremente destinar, a lei prev\u00ea mecanismos para proteger a leg\u00edtima dos herdeiros necess\u00e1rios. \u00c9 nesse ponto que a correta interpreta\u00e7\u00e3o e a valida\u00e7\u00e3o testament\u00e1ria se tornam cruciais para assegurar que a distribui\u00e7\u00e3o dos bens ocorra de acordo com a lei e a vontade manifesta dentro dos limites legais.<\/p>\n<h2><span style=\"font-size: 18px; color: #000000;\">Diferen\u00e7a entre testamento p\u00fablico e particular na valida\u00e7\u00e3o testament\u00e1ria<\/span><\/h2>\n<p>A exist\u00eancia de um testamento \u00e9 um diferencial importante no processo sucess\u00f3rio, mas sua forma de elabora\u00e7\u00e3o impacta diretamente sua valida\u00e7\u00e3o testament\u00e1ria. Existem duas modalidades principais: o testamento p\u00fablico e o testamento particular.<\/p>\n<h3><span style=\"font-size: 16px; color: #000000;\">Testamento P\u00fablico<\/span><\/h3>\n<ul>\n<li aria-level=\"1\">Elabora\u00e7\u00e3o: \u00c9 lavrado por um tabeli\u00e3o em um Cart\u00f3rio de Notas, na presen\u00e7a de duas testemunhas. Por ser um documento oficial, redigido por um profissional com f\u00e9 p\u00fablica, ele possui maior seguran\u00e7a jur\u00eddica e presun\u00e7\u00e3o de veracidade.<\/li>\n<li aria-level=\"1\">Vantagens: Sua formalidade garante maior solidez, dificultando contesta\u00e7\u00f5es e facilitando o processo de valida\u00e7\u00e3o. A documenta\u00e7\u00e3o \u00e9 arquivada no cart\u00f3rio e registrada na Central Notarial de Servi\u00e7os Eletr\u00f4nicos Compartilhados (CENSEC), tornando sua localiza\u00e7\u00e3o e comprova\u00e7\u00e3o mais simples.<\/li>\n<li aria-level=\"1\">Valida\u00e7\u00e3o: Ap\u00f3s o falecimento, o testamento p\u00fablico deve ser apresentado ao juiz, que verificar\u00e1 sua autenticidade e legalidade, confirmando se atende a todos os requisitos formais. Este procedimento, embora judicial, costuma ser mais r\u00e1pido e menos propenso a questionamentos devido \u00e0 sua natureza p\u00fablica e formal.<\/li>\n<\/ul>\n<h3><span style=\"font-size: 16px; color: #000000;\">Testamento Particular<\/span><\/h3>\n<ul>\n<li aria-level=\"1\">Elabora\u00e7\u00e3o: \u00c9 escrito e assinado pelo pr\u00f3prio testador, na presen\u00e7a de tr\u00eas testemunhas. Pode ser redigido de pr\u00f3prio punho ou digitado, mas sempre exigindo a assinatura do testador e das testemunhas.<\/li>\n<li aria-level=\"1\">Desvantagens e Desafios: Sua principal desvantagem reside na necessidade de maior rigor na valida\u00e7\u00e3o. Ap\u00f3s o falecimento, \u00e9 indispens\u00e1vel que as tr\u00eas testemunhas confirmem em ju\u00edzo suas assinaturas e o conte\u00fado do testamento. Caso uma ou mais testemunhas tenham falecido ou n\u00e3o possam ser encontradas, o juiz pode aceitar o testamento com base em outras provas, mas isso torna o processo mais complexo e demorado.<\/li>\n<li aria-level=\"1\">Valida\u00e7\u00e3o: A valida\u00e7\u00e3o testament\u00e1ria do testamento particular \u00e9 um procedimento judicial mais custoso e complexo. O juiz precisar\u00e1 ter certeza da autenticidade da assinatura do testador e de que o conte\u00fado reflete sua vontade, o que \u00e9 atestado pelas testemunhas. Somente ap\u00f3s a confirma\u00e7\u00e3o judicial de sua validade \u00e9 que o testamento particular poder\u00e1 produzir seus efeitos legais e o invent\u00e1rio poder\u00e1 prosseguir.<\/li>\n<\/ul>\n<p>Compreender essas diferen\u00e7as \u00e9 vital, pois a escolha da modalidade de testamento impactar\u00e1 diretamente o tempo e a complexidade da sua valida\u00e7\u00e3o e, consequentemente, do invent\u00e1rio.<\/p>\n<h2><span style=\"font-size: 18px; color: #000000;\">Como a valida\u00e7\u00e3o testament\u00e1ria garante os direitos dos herdeiros<\/span><\/h2>\n<p>A valida\u00e7\u00e3o testament\u00e1ria n\u00e3o \u00e9 apenas um requisito burocr\u00e1tico; ela \u00e9 a pedra angular para garantir que a vontade do falecido seja devidamente cumprida e, ao mesmo tempo, que os direitos de todos os herdeiros sejam respeitados, especialmente a &#8220;leg\u00edtima&#8221; dos herdeiros necess\u00e1rios.<span style=\"color: #000000;\"><\/span><\/p>\n<p>Este processo legal tem v\u00e1rios prop\u00f3sitos essenciais:<span style=\"color: #000000;\"><\/span><\/p>\n<ol>\n<li aria-level=\"1\">Verifica\u00e7\u00e3o da Autenticidade: O primeiro passo da valida\u00e7\u00e3o \u00e9 confirmar que o testamento \u00e9 um documento genu\u00edno, ou seja, que foi realmente escrito e assinado pelo falecido e, no caso do testamento particular, devidamente assinado pelas testemunhas. Isso evita fraudes e garante a integridade da manifesta\u00e7\u00e3o de \u00faltima vontade.<\/li>\n<li aria-level=\"1\">An\u00e1lise da Capacidade do Testador: Durante a valida\u00e7\u00e3o, verifica-se se o testador possu\u00eda plena capacidade mental e legal no momento da elabora\u00e7\u00e3o do testamento. Isso assegura que a decis\u00e3o foi tomada de forma consciente e livre de coer\u00e7\u00e3o.<\/li>\n<li aria-level=\"1\">Conformidade com a Lei: O processo judicial de valida\u00e7\u00e3o analisa se o testamento est\u00e1 em conformidade com as leis brasileiras. Isso inclui verificar se a &#8220;leg\u00edtima&#8221; dos herdeiros necess\u00e1rios foi respeitada (os 50% do patrim\u00f4nio que n\u00e3o podem ser testados) e se n\u00e3o h\u00e1 cl\u00e1usulas ilegais ou contradit\u00f3rias.<\/li>\n<li aria-level=\"1\">Prote\u00e7\u00e3o dos Herdeiros Necess\u00e1rios: Ao garantir que a leg\u00edtima seja preservada, a valida\u00e7\u00e3o testament\u00e1ria protege os direitos dos descendentes, ascendentes e c\u00f4njuge\/companheiro, assegurando que recebam a por\u00e7\u00e3o m\u00ednima do patrim\u00f4nio que lhes \u00e9 devida por lei.<\/li>\n<li aria-level=\"1\">Efic\u00e1cia Jur\u00eddica: Somente ap\u00f3s a valida\u00e7\u00e3o judicial o testamento adquire efic\u00e1cia jur\u00eddica plena. Sem essa homologa\u00e7\u00e3o, o documento n\u00e3o tem valor legal para a partilha dos bens, e o invent\u00e1rio n\u00e3o pode ser conclu\u00eddo com base nele. Mesmo que o invent\u00e1rio possa ser extrajudicial (ap\u00f3s a valida\u00e7\u00e3o e atendendo outros requisitos), a fase de valida\u00e7\u00e3o do testamento \u00e9 sempre judicial.<\/li>\n<\/ol>\n<p>Em suma, a valida\u00e7\u00e3o testament\u00e1ria atua como um filtro legal que assegura a legalidade e a legitimidade do documento, garantindo que a heran\u00e7a seja distribu\u00edda de forma justa, conforme a lei e a inten\u00e7\u00e3o v\u00e1lida do falecido.<\/p>\n<h2><span style=\"font-size: 18px; color: #000000;\">De que forma a Herdei facilita a an\u00e1lise e a valida\u00e7\u00e3o testament\u00e1ria online<\/span><\/h2>\n<p>Entender os direitos e as nuances de um testamento \u00e9 o primeiro passo, mas agir e conduzir todo o processo sucess\u00f3rio, incluindo a complexa valida\u00e7\u00e3o testament\u00e1ria, pode ser exaustivo. \u00c9 aqui que a Herdei se destaca, transformando um caminho tradicionalmente burocr\u00e1tico em uma jornada mais leve, transparente e eficiente.<span style=\"color: #000000;\"><\/span><\/p>\n<p>Embora a valida\u00e7\u00e3o de um testamento (seja p\u00fablico ou particular) exija um procedimento judicial inicial, a Herdei otimiza e simplifica todas as etapas que antecedem e sucedem essa fase, al\u00e9m de oferecer um suporte inestim\u00e1vel durante o processo judicial:<span style=\"color: #000000;\"><\/span><\/p>\n<ol>\n<li aria-level=\"1\">Conex\u00e3o com Advogados Especialistas: A Herdei conecta voc\u00ea a uma rede de advogados especializados em direito sucess\u00f3rio. Esses profissionais experientes guiar\u00e3o voc\u00ea atrav\u00e9s da an\u00e1lise minuciosa do testamento, identificando as melhores estrat\u00e9gias para sua valida\u00e7\u00e3o e para a subsequente partilha dos bens, garantindo que seus direitos sejam defendidos. Eles ser\u00e3o seus aliados na fase judicial de valida\u00e7\u00e3o, explicando cada passo e representando seus interesses.<\/li>\n<li aria-level=\"1\">Organiza\u00e7\u00e3o Documental 100% Online: Um dos maiores gargalos do processo de invent\u00e1rio e valida\u00e7\u00e3o \u00e9 a documenta\u00e7\u00e3o. A plataforma Herdei permite que voc\u00ea organize e armazene todos os documentos necess\u00e1rios de forma digital, acess\u00edvel de qualquer lugar. Isso agiliza a prepara\u00e7\u00e3o para a valida\u00e7\u00e3o judicial e para o posterior invent\u00e1rio, eliminando a papelada e reduzindo erros.<\/li>\n<li aria-level=\"1\">Orienta\u00e7\u00e3o Personalizada: Em cada etapa, desde a compreens\u00e3o do testamento at\u00e9 a finaliza\u00e7\u00e3o do invent\u00e1rio, voc\u00ea ter\u00e1 um acompanhamento personalizado. Nossa equipe e os advogados parceiros oferecer\u00e3o clareza sobre o processo de valida\u00e7\u00e3o, os prazos e os requisitos, garantindo que voc\u00ea se sinta seguro e informado.<\/li>\n<li aria-level=\"1\">Transpar\u00eancia e Parcelamento dos Custos: A Herdei se compromete com a transpar\u00eancia. Voc\u00ea ter\u00e1 clareza sobre todos os custos envolvidos \u2013 honor\u00e1rios advocat\u00edcios, impostos e taxas de cart\u00f3rio. E, para que o planejamento sucess\u00f3rio n\u00e3o seja um fardo financeiro, oferecemos o parcelamento de todos esses custos em at\u00e9 60 vezes. Isso facilita o acesso \u00e0 justi\u00e7a e aos servi\u00e7os profissionais, sem comprometer seu or\u00e7amento em um momento j\u00e1 delicado.<\/li>\n<li aria-level=\"1\">Prepara\u00e7\u00e3o para o Invent\u00e1rio Extrajudicial: Uma vez que o testamento tenha sido validado judicialmente, se n\u00e3o houver herdeiros menores ou incapazes e houver consenso entre todos os envolvidos, o invent\u00e1rio poder\u00e1 ser realizado de forma extrajudicial (em cart\u00f3rio). A Herdei \u00e9 especializada em solu\u00e7\u00f5es digitais para o invent\u00e1rio extrajudicial, agilizando ainda mais essa fase final da partilha dos bens.<\/li>\n<\/ol>\n<p>Com a Herdei, voc\u00ea n\u00e3o est\u00e1 sozinho. Transformamos a complexidade do invent\u00e1rio com testamento em um processo descomplicado, digital e acess\u00edvel, permitindo que voc\u00ea foque no que realmente importa: a mem\u00f3ria do seu ente querido e a tranquilidade da sua fam\u00edlia.<span style=\"color: #000000;\"><\/span><\/p>\n<p>Entender seus direitos e garantir a correta valida\u00e7\u00e3o testament\u00e1ria \u00e9 um passo fundamental em qualquer processo de heran\u00e7a com testamento. A Herdei simplifica essa jornada, oferecendo suporte especializado e solu\u00e7\u00f5es digitais que economizam tempo e dinheiro.&nbsp;<span style=\"color: #000000;\"><\/span><\/p>\n<p>Conhe\u00e7a como a Herdei pode te ajudar a agilizar seu invent\u00e1rio e planejar seu futuro sucess\u00f3rio com tranquilidade. Clique no link para iniciar seu processo com a Herdei e descomplique sua heran\u00e7a: <a href=\"https:\/\/euherdei.com.br\/\" style=\"color: #0000ee;\"><span>https:\/\/euherdei.com.br\/<\/span><\/a>.<\/p>\n","protected":false},"excerpt":{"rendered":"<p style=\"font-size: 16px;\"><span style=\"color: #000000;\">O falecimento de um ente querido \u00e9 um momento delicado, repleto de desafios emocionais e, muitas vezes, burocr\u00e1ticos. Quando existe um testamento, seja ele p\u00fablico ou particular, surge uma camada adicional de complexidade, e a necessidade de entender os direitos e deveres dos herdeiros \u00e9 fundamental. Na <\/span><strong><span style=\"color: #000000;\">Herdei<\/span><\/strong><span style=\"color: #000000;\">, sabemos que navegar por esse processo pode ser confuso, por isso, estamos aqui para desmistificar o tema e mostrar como \u00e9 poss\u00edvel agilizar tudo, garantindo que a vontade do falecido seja respeitada e os direitos de todos os envolvidos sejam assegurados atrav\u00e9s da correta <\/span><strong><span style=\"color: #000000;\">valida\u00e7\u00e3o testament\u00e1ria<\/span><\/strong><span style=\"color: #000000;\">.<\/span><\/p>\n","protected":false},"author":3,"featured_media":1085,"comment_status":"closed","ping_status":"","sticky":false,"template":"","format":"standard","meta":{"_yoast_wpseo_title":"Herdei: entenda seus direitos se o falecido deixou um testamento p\u00fablico ou particular","_yoast_wpseo_metadesc":"Entenda seus direitos legais com um testamento p\u00fablico ou particular. Simplifique a valida\u00e7\u00e3o e o invent\u00e1rio online com a Herdei.","footnotes":""},"categories":[104,5,15],"tags":[],"class_list":["post-1086","post","type-post","status-publish","format-standard","has-post-thumbnail","hentry","category-direitos","category-heranca","category-herdei"],"yoast_head":"<!-- This site is optimized with the Yoast SEO plugin v27.4 - https:\/\/yoast.com\/product\/yoast-seo-wordpress\/ -->\n<title>Herdei: entenda seus direitos se o falecido deixou um testamento p\u00fablico ou particular<\/title>\n<meta name=\"description\" content=\"Entenda seus direitos legais com um testamento p\u00fablico ou particular. Simplifique a valida\u00e7\u00e3o e o invent\u00e1rio online com a Herdei.\" \/>\n<meta name=\"robots\" content=\"index, follow, max-snippet:-1, max-image-preview:large, max-video-preview:-1\" \/>\n<link rel=\"canonical\" href=\"https:\/\/euherdei.com.br\/blog\/herdei-entenda-seus-direitos-se-o-falecido-deixou-um-testamento-publico-ou-particular\/\" \/>\n<meta property=\"og:locale\" content=\"pt_BR\" \/>\n<meta property=\"og:type\" content=\"article\" \/>\n<meta property=\"og:title\" content=\"Herdei: entenda seus direitos se o falecido deixou um testamento p\u00fablico ou particular\" \/>\n<meta property=\"og:description\" content=\"Entenda seus direitos legais com um testamento p\u00fablico ou particular. Simplifique a valida\u00e7\u00e3o e o invent\u00e1rio online com a Herdei.\" \/>\n<meta property=\"og:url\" content=\"https:\/\/euherdei.com.br\/blog\/herdei-entenda-seus-direitos-se-o-falecido-deixou-um-testamento-publico-ou-particular\/\" \/>\n<meta property=\"og:site_name\" content=\"Herdei Blog\" \/>\n<meta property=\"article:publisher\" content=\"https:\/\/m.facebook.com\/euherdei\/\" \/>\n<meta property=\"article:published_time\" content=\"2025-11-11T14:00:00+00:00\" \/>\n<meta property=\"article:modified_time\" content=\"2026-04-27T22:32:47+00:00\" \/>\n<meta property=\"og:image\" content=\"https:\/\/euherdei.com.br\/blog\/wp-content\/uploads\/2026\/04\/herdei-entenda-seus-direitos-se-o-falecido-deixou-um-testamento-pC3BAblico-ou-particular-scaled.webp\" \/>\n\t<meta property=\"og:image:width\" content=\"2560\" \/>\n\t<meta property=\"og:image:height\" content=\"1707\" \/>\n\t<meta property=\"og:image:type\" content=\"image\/webp\" \/>\n<meta name=\"author\" content=\"Fala Content\" \/>\n<meta name=\"twitter:card\" content=\"summary_large_image\" \/>\n<meta name=\"twitter:creator\" content=\"@euherdei\" \/>\n<meta name=\"twitter:site\" content=\"@euherdei\" \/>\n<meta name=\"twitter:label1\" content=\"Escrito por\" \/>\n\t<meta name=\"twitter:data1\" content=\"Fala Content\" \/>\n\t<meta name=\"twitter:label2\" content=\"Est. tempo de leitura\" \/>\n\t<meta name=\"twitter:data2\" content=\"8 minutos\" \/>\n<script type=\"application\/ld+json\" class=\"yoast-schema-graph\">{\"@context\":\"https:\\\/\\\/schema.org\",\"@graph\":[{\"@type\":\"Article\",\"@id\":\"https:\\\/\\\/euherdei.com.br\\\/blog\\\/herdei-entenda-seus-direitos-se-o-falecido-deixou-um-testamento-publico-ou-particular\\\/#article\",\"isPartOf\":{\"@id\":\"https:\\\/\\\/euherdei.com.br\\\/blog\\\/herdei-entenda-seus-direitos-se-o-falecido-deixou-um-testamento-publico-ou-particular\\\/\"},\"author\":{\"name\":\"Fala Content\",\"@id\":\"https:\\\/\\\/euherdei.com.br\\\/blog\\\/#\\\/schema\\\/person\\\/73e6ab0e66e227e3e7c591fe540838db\"},\"headline\":\"Herdei: entenda seus direitos se o falecido deixou um testamento p\u00fablico ou particular\",\"datePublished\":\"2025-11-11T14:00:00+00:00\",\"dateModified\":\"2026-04-27T22:32:47+00:00\",\"mainEntityOfPage\":{\"@id\":\"https:\\\/\\\/euherdei.com.br\\\/blog\\\/herdei-entenda-seus-direitos-se-o-falecido-deixou-um-testamento-publico-ou-particular\\\/\"},\"wordCount\":1682,\"publisher\":{\"@id\":\"https:\\\/\\\/euherdei.com.br\\\/blog\\\/#organization\"},\"image\":{\"@id\":\"https:\\\/\\\/euherdei.com.br\\\/blog\\\/herdei-entenda-seus-direitos-se-o-falecido-deixou-um-testamento-publico-ou-particular\\\/#primaryimage\"},\"thumbnailUrl\":\"https:\\\/\\\/euherdei.com.br\\\/blog\\\/wp-content\\\/uploads\\\/2026\\\/04\\\/herdei-entenda-seus-direitos-se-o-falecido-deixou-um-testamento-pC3BAblico-ou-particular-scaled.webp\",\"articleSection\":[\"direitos\",\"Heran\u00e7a\",\"Herdei\"],\"inLanguage\":\"pt-BR\"},{\"@type\":\"WebPage\",\"@id\":\"https:\\\/\\\/euherdei.com.br\\\/blog\\\/herdei-entenda-seus-direitos-se-o-falecido-deixou-um-testamento-publico-ou-particular\\\/\",\"url\":\"https:\\\/\\\/euherdei.com.br\\\/blog\\\/herdei-entenda-seus-direitos-se-o-falecido-deixou-um-testamento-publico-ou-particular\\\/\",\"name\":\"Herdei: entenda seus direitos se o falecido deixou um testamento p\u00fablico ou particular\",\"isPartOf\":{\"@id\":\"https:\\\/\\\/euherdei.com.br\\\/blog\\\/#website\"},\"primaryImageOfPage\":{\"@id\":\"https:\\\/\\\/euherdei.com.br\\\/blog\\\/herdei-entenda-seus-direitos-se-o-falecido-deixou-um-testamento-publico-ou-particular\\\/#primaryimage\"},\"image\":{\"@id\":\"https:\\\/\\\/euherdei.com.br\\\/blog\\\/herdei-entenda-seus-direitos-se-o-falecido-deixou-um-testamento-publico-ou-particular\\\/#primaryimage\"},\"thumbnailUrl\":\"https:\\\/\\\/euherdei.com.br\\\/blog\\\/wp-content\\\/uploads\\\/2026\\\/04\\\/herdei-entenda-seus-direitos-se-o-falecido-deixou-um-testamento-pC3BAblico-ou-particular-scaled.webp\",\"datePublished\":\"2025-11-11T14:00:00+00:00\",\"dateModified\":\"2026-04-27T22:32:47+00:00\",\"description\":\"Entenda seus direitos legais com um testamento p\u00fablico ou particular. Simplifique a valida\u00e7\u00e3o e o invent\u00e1rio online com a Herdei.\",\"breadcrumb\":{\"@id\":\"https:\\\/\\\/euherdei.com.br\\\/blog\\\/herdei-entenda-seus-direitos-se-o-falecido-deixou-um-testamento-publico-ou-particular\\\/#breadcrumb\"},\"inLanguage\":\"pt-BR\",\"potentialAction\":[{\"@type\":\"ReadAction\",\"target\":[\"https:\\\/\\\/euherdei.com.br\\\/blog\\\/herdei-entenda-seus-direitos-se-o-falecido-deixou-um-testamento-publico-ou-particular\\\/\"]}]},{\"@type\":\"ImageObject\",\"inLanguage\":\"pt-BR\",\"@id\":\"https:\\\/\\\/euherdei.com.br\\\/blog\\\/herdei-entenda-seus-direitos-se-o-falecido-deixou-um-testamento-publico-ou-particular\\\/#primaryimage\",\"url\":\"https:\\\/\\\/euherdei.com.br\\\/blog\\\/wp-content\\\/uploads\\\/2026\\\/04\\\/herdei-entenda-seus-direitos-se-o-falecido-deixou-um-testamento-pC3BAblico-ou-particular-scaled.webp\",\"contentUrl\":\"https:\\\/\\\/euherdei.com.br\\\/blog\\\/wp-content\\\/uploads\\\/2026\\\/04\\\/herdei-entenda-seus-direitos-se-o-falecido-deixou-um-testamento-pC3BAblico-ou-particular-scaled.webp\",\"width\":2560,\"height\":1707,\"caption\":\"herdei-entenda-seus-direitos-se-o-falecido-deixou-um-testamento-p\u00fablico-ou-particular\"},{\"@type\":\"BreadcrumbList\",\"@id\":\"https:\\\/\\\/euherdei.com.br\\\/blog\\\/herdei-entenda-seus-direitos-se-o-falecido-deixou-um-testamento-publico-ou-particular\\\/#breadcrumb\",\"itemListElement\":[{\"@type\":\"ListItem\",\"position\":1,\"name\":\"In\u00edcio\",\"item\":\"https:\\\/\\\/euherdei.com.br\\\/blog\\\/\"},{\"@type\":\"ListItem\",\"position\":2,\"name\":\"Herdei: entenda seus direitos se o falecido deixou um testamento p\u00fablico ou particular\"}]},{\"@type\":\"WebSite\",\"@id\":\"https:\\\/\\\/euherdei.com.br\\\/blog\\\/#website\",\"url\":\"https:\\\/\\\/euherdei.com.br\\\/blog\\\/\",\"name\":\"Herdei\",\"description\":\"Conhecimento pr\u00e1tico sobre planejamento sucess\u00f3rio, holding familiar e invent\u00e1rio extrajudicial.\",\"publisher\":{\"@id\":\"https:\\\/\\\/euherdei.com.br\\\/blog\\\/#organization\"},\"potentialAction\":[{\"@type\":\"SearchAction\",\"target\":{\"@type\":\"EntryPoint\",\"urlTemplate\":\"https:\\\/\\\/euherdei.com.br\\\/blog\\\/?s={search_term_string}\"},\"query-input\":{\"@type\":\"PropertyValueSpecification\",\"valueRequired\":true,\"valueName\":\"search_term_string\"}}],\"inLanguage\":\"pt-BR\"},{\"@type\":\"Organization\",\"@id\":\"https:\\\/\\\/euherdei.com.br\\\/blog\\\/#organization\",\"name\":\"Herdei\",\"url\":\"https:\\\/\\\/euherdei.com.br\\\/blog\\\/\",\"logo\":{\"@type\":\"ImageObject\",\"inLanguage\":\"pt-BR\",\"@id\":\"https:\\\/\\\/euherdei.com.br\\\/blog\\\/#\\\/schema\\\/logo\\\/image\\\/\",\"url\":\"https:\\\/\\\/app.euherdei.com.br\\\/blog\\\/wp-content\\\/uploads\\\/2026\\\/04\\\/herdei-logo.png\",\"contentUrl\":\"https:\\\/\\\/app.euherdei.com.br\\\/blog\\\/wp-content\\\/uploads\\\/2026\\\/04\\\/herdei-logo.png\",\"width\":501,\"height\":501,\"caption\":\"Herdei\"},\"image\":{\"@id\":\"https:\\\/\\\/euherdei.com.br\\\/blog\\\/#\\\/schema\\\/logo\\\/image\\\/\"},\"sameAs\":[\"https:\\\/\\\/m.facebook.com\\\/euherdei\\\/\",\"https:\\\/\\\/x.com\\\/euherdei\",\"https:\\\/\\\/www.instagram.com\\\/euherdei\",\"https:\\\/\\\/br.linkedin.com\\\/company\\\/euherdei\",\"https:\\\/\\\/www.tiktok.com\\\/@euherdei\"]},{\"@type\":\"Person\",\"@id\":\"https:\\\/\\\/euherdei.com.br\\\/blog\\\/#\\\/schema\\\/person\\\/73e6ab0e66e227e3e7c591fe540838db\",\"name\":\"Fala Content\",\"image\":{\"@type\":\"ImageObject\",\"inLanguage\":\"pt-BR\",\"@id\":\"https:\\\/\\\/secure.gravatar.com\\\/avatar\\\/6b4c169de7418e1faa2876d0b46a67b0c10f5fc0e913a708099813e248946504?s=96&d=mm&r=g\",\"url\":\"https:\\\/\\\/secure.gravatar.com\\\/avatar\\\/6b4c169de7418e1faa2876d0b46a67b0c10f5fc0e913a708099813e248946504?s=96&d=mm&r=g\",\"contentUrl\":\"https:\\\/\\\/secure.gravatar.com\\\/avatar\\\/6b4c169de7418e1faa2876d0b46a67b0c10f5fc0e913a708099813e248946504?s=96&d=mm&r=g\",\"caption\":\"Fala Content\"},\"url\":\"https:\\\/\\\/euherdei.com.br\\\/blog\\\/author\\\/fala-content\\\/\"}]}<\/script>\n<!-- \/ Yoast SEO plugin. -->","yoast_head_json":{"title":"Herdei: entenda seus direitos se o falecido deixou um testamento p\u00fablico ou particular","description":"Entenda seus direitos legais com um testamento p\u00fablico ou particular. Simplifique a valida\u00e7\u00e3o e o invent\u00e1rio online com a Herdei.","robots":{"index":"index","follow":"follow","max-snippet":"max-snippet:-1","max-image-preview":"max-image-preview:large","max-video-preview":"max-video-preview:-1"},"canonical":"https:\/\/euherdei.com.br\/blog\/herdei-entenda-seus-direitos-se-o-falecido-deixou-um-testamento-publico-ou-particular\/","og_locale":"pt_BR","og_type":"article","og_title":"Herdei: entenda seus direitos se o falecido deixou um testamento p\u00fablico ou particular","og_description":"Entenda seus direitos legais com um testamento p\u00fablico ou particular. Simplifique a valida\u00e7\u00e3o e o invent\u00e1rio online com a Herdei.","og_url":"https:\/\/euherdei.com.br\/blog\/herdei-entenda-seus-direitos-se-o-falecido-deixou-um-testamento-publico-ou-particular\/","og_site_name":"Herdei Blog","article_publisher":"https:\/\/m.facebook.com\/euherdei\/","article_published_time":"2025-11-11T14:00:00+00:00","article_modified_time":"2026-04-27T22:32:47+00:00","og_image":[{"width":2560,"height":1707,"url":"https:\/\/euherdei.com.br\/blog\/wp-content\/uploads\/2026\/04\/herdei-entenda-seus-direitos-se-o-falecido-deixou-um-testamento-pC3BAblico-ou-particular-scaled.webp","type":"image\/webp"}],"author":"Fala Content","twitter_card":"summary_large_image","twitter_creator":"@euherdei","twitter_site":"@euherdei","twitter_misc":{"Escrito por":"Fala Content","Est. tempo de leitura":"8 minutos"},"schema":{"@context":"https:\/\/schema.org","@graph":[{"@type":"Article","@id":"https:\/\/euherdei.com.br\/blog\/herdei-entenda-seus-direitos-se-o-falecido-deixou-um-testamento-publico-ou-particular\/#article","isPartOf":{"@id":"https:\/\/euherdei.com.br\/blog\/herdei-entenda-seus-direitos-se-o-falecido-deixou-um-testamento-publico-ou-particular\/"},"author":{"name":"Fala Content","@id":"https:\/\/euherdei.com.br\/blog\/#\/schema\/person\/73e6ab0e66e227e3e7c591fe540838db"},"headline":"Herdei: entenda seus direitos se o falecido deixou um testamento p\u00fablico ou particular","datePublished":"2025-11-11T14:00:00+00:00","dateModified":"2026-04-27T22:32:47+00:00","mainEntityOfPage":{"@id":"https:\/\/euherdei.com.br\/blog\/herdei-entenda-seus-direitos-se-o-falecido-deixou-um-testamento-publico-ou-particular\/"},"wordCount":1682,"publisher":{"@id":"https:\/\/euherdei.com.br\/blog\/#organization"},"image":{"@id":"https:\/\/euherdei.com.br\/blog\/herdei-entenda-seus-direitos-se-o-falecido-deixou-um-testamento-publico-ou-particular\/#primaryimage"},"thumbnailUrl":"https:\/\/euherdei.com.br\/blog\/wp-content\/uploads\/2026\/04\/herdei-entenda-seus-direitos-se-o-falecido-deixou-um-testamento-pC3BAblico-ou-particular-scaled.webp","articleSection":["direitos","Heran\u00e7a","Herdei"],"inLanguage":"pt-BR"},{"@type":"WebPage","@id":"https:\/\/euherdei.com.br\/blog\/herdei-entenda-seus-direitos-se-o-falecido-deixou-um-testamento-publico-ou-particular\/","url":"https:\/\/euherdei.com.br\/blog\/herdei-entenda-seus-direitos-se-o-falecido-deixou-um-testamento-publico-ou-particular\/","name":"Herdei: entenda seus direitos se o falecido deixou um testamento p\u00fablico ou particular","isPartOf":{"@id":"https:\/\/euherdei.com.br\/blog\/#website"},"primaryImageOfPage":{"@id":"https:\/\/euherdei.com.br\/blog\/herdei-entenda-seus-direitos-se-o-falecido-deixou-um-testamento-publico-ou-particular\/#primaryimage"},"image":{"@id":"https:\/\/euherdei.com.br\/blog\/herdei-entenda-seus-direitos-se-o-falecido-deixou-um-testamento-publico-ou-particular\/#primaryimage"},"thumbnailUrl":"https:\/\/euherdei.com.br\/blog\/wp-content\/uploads\/2026\/04\/herdei-entenda-seus-direitos-se-o-falecido-deixou-um-testamento-pC3BAblico-ou-particular-scaled.webp","datePublished":"2025-11-11T14:00:00+00:00","dateModified":"2026-04-27T22:32:47+00:00","description":"Entenda seus direitos legais com um testamento p\u00fablico ou particular. Simplifique a valida\u00e7\u00e3o e o invent\u00e1rio online com a Herdei.","breadcrumb":{"@id":"https:\/\/euherdei.com.br\/blog\/herdei-entenda-seus-direitos-se-o-falecido-deixou-um-testamento-publico-ou-particular\/#breadcrumb"},"inLanguage":"pt-BR","potentialAction":[{"@type":"ReadAction","target":["https:\/\/euherdei.com.br\/blog\/herdei-entenda-seus-direitos-se-o-falecido-deixou-um-testamento-publico-ou-particular\/"]}]},{"@type":"ImageObject","inLanguage":"pt-BR","@id":"https:\/\/euherdei.com.br\/blog\/herdei-entenda-seus-direitos-se-o-falecido-deixou-um-testamento-publico-ou-particular\/#primaryimage","url":"https:\/\/euherdei.com.br\/blog\/wp-content\/uploads\/2026\/04\/herdei-entenda-seus-direitos-se-o-falecido-deixou-um-testamento-pC3BAblico-ou-particular-scaled.webp","contentUrl":"https:\/\/euherdei.com.br\/blog\/wp-content\/uploads\/2026\/04\/herdei-entenda-seus-direitos-se-o-falecido-deixou-um-testamento-pC3BAblico-ou-particular-scaled.webp","width":2560,"height":1707,"caption":"herdei-entenda-seus-direitos-se-o-falecido-deixou-um-testamento-p\u00fablico-ou-particular"},{"@type":"BreadcrumbList","@id":"https:\/\/euherdei.com.br\/blog\/herdei-entenda-seus-direitos-se-o-falecido-deixou-um-testamento-publico-ou-particular\/#breadcrumb","itemListElement":[{"@type":"ListItem","position":1,"name":"In\u00edcio","item":"https:\/\/euherdei.com.br\/blog\/"},{"@type":"ListItem","position":2,"name":"Herdei: entenda seus direitos se o falecido deixou um testamento p\u00fablico ou particular"}]},{"@type":"WebSite","@id":"https:\/\/euherdei.com.br\/blog\/#website","url":"https:\/\/euherdei.com.br\/blog\/","name":"Herdei","description":"Conhecimento pr\u00e1tico sobre planejamento sucess\u00f3rio, holding familiar e invent\u00e1rio extrajudicial.","publisher":{"@id":"https:\/\/euherdei.com.br\/blog\/#organization"},"potentialAction":[{"@type":"SearchAction","target":{"@type":"EntryPoint","urlTemplate":"https:\/\/euherdei.com.br\/blog\/?s={search_term_string}"},"query-input":{"@type":"PropertyValueSpecification","valueRequired":true,"valueName":"search_term_string"}}],"inLanguage":"pt-BR"},{"@type":"Organization","@id":"https:\/\/euherdei.com.br\/blog\/#organization","name":"Herdei","url":"https:\/\/euherdei.com.br\/blog\/","logo":{"@type":"ImageObject","inLanguage":"pt-BR","@id":"https:\/\/euherdei.com.br\/blog\/#\/schema\/logo\/image\/","url":"https:\/\/app.euherdei.com.br\/blog\/wp-content\/uploads\/2026\/04\/herdei-logo.png","contentUrl":"https:\/\/app.euherdei.com.br\/blog\/wp-content\/uploads\/2026\/04\/herdei-logo.png","width":501,"height":501,"caption":"Herdei"},"image":{"@id":"https:\/\/euherdei.com.br\/blog\/#\/schema\/logo\/image\/"},"sameAs":["https:\/\/m.facebook.com\/euherdei\/","https:\/\/x.com\/euherdei","https:\/\/www.instagram.com\/euherdei","https:\/\/br.linkedin.com\/company\/euherdei","https:\/\/www.tiktok.com\/@euherdei"]},{"@type":"Person","@id":"https:\/\/euherdei.com.br\/blog\/#\/schema\/person\/73e6ab0e66e227e3e7c591fe540838db","name":"Fala Content","image":{"@type":"ImageObject","inLanguage":"pt-BR","@id":"https:\/\/secure.gravatar.com\/avatar\/6b4c169de7418e1faa2876d0b46a67b0c10f5fc0e913a708099813e248946504?s=96&d=mm&r=g","url":"https:\/\/secure.gravatar.com\/avatar\/6b4c169de7418e1faa2876d0b46a67b0c10f5fc0e913a708099813e248946504?s=96&d=mm&r=g","contentUrl":"https:\/\/secure.gravatar.com\/avatar\/6b4c169de7418e1faa2876d0b46a67b0c10f5fc0e913a708099813e248946504?s=96&d=mm&r=g","caption":"Fala Content"},"url":"https:\/\/euherdei.com.br\/blog\/author\/fala-content\/"}]}},"_links":{"self":[{"href":"https:\/\/euherdei.com.br\/blog\/wp-json\/wp\/v2\/posts\/1086","targetHints":{"allow":["GET"]}}],"collection":[{"href":"https:\/\/euherdei.com.br\/blog\/wp-json\/wp\/v2\/posts"}],"about":[{"href":"https:\/\/euherdei.com.br\/blog\/wp-json\/wp\/v2\/types\/post"}],"author":[{"embeddable":true,"href":"https:\/\/euherdei.com.br\/blog\/wp-json\/wp\/v2\/users\/3"}],"replies":[{"embeddable":true,"href":"https:\/\/euherdei.com.br\/blog\/wp-json\/wp\/v2\/comments?post=1086"}],"version-history":[{"count":1,"href":"https:\/\/euherdei.com.br\/blog\/wp-json\/wp\/v2\/posts\/1086\/revisions"}],"predecessor-version":[{"id":1672,"href":"https:\/\/euherdei.com.br\/blog\/wp-json\/wp\/v2\/posts\/1086\/revisions\/1672"}],"wp:featuredmedia":[{"embeddable":true,"href":"https:\/\/euherdei.com.br\/blog\/wp-json\/wp\/v2\/media\/1085"}],"wp:attachment":[{"href":"https:\/\/euherdei.com.br\/blog\/wp-json\/wp\/v2\/media?parent=1086"}],"wp:term":[{"taxonomy":"category","embeddable":true,"href":"https:\/\/euherdei.com.br\/blog\/wp-json\/wp\/v2\/categories?post=1086"},{"taxonomy":"post_tag","embeddable":true,"href":"https:\/\/euherdei.com.br\/blog\/wp-json\/wp\/v2\/tags?post=1086"}],"curies":[{"name":"wp","href":"https:\/\/api.w.org\/{rel}","templated":true}]}}