{"id":1094,"date":"2026-02-06T08:00:01","date_gmt":"2026-02-06T11:00:01","guid":{"rendered":"https:\/\/app.euherdei.com.br\/blog\/herdeiro-menor-de-idade-a-tutela-legal-e-a-administracao-responsavel-de-bens\/"},"modified":"2026-04-27T19:32:51","modified_gmt":"2026-04-27T22:32:51","slug":"herdeiro-menor-de-idade-a-tutela-legal-e-a-administracao-responsavel-de-bens","status":"publish","type":"post","link":"https:\/\/euherdei.com.br\/blog\/herdeiro-menor-de-idade-a-tutela-legal-e-a-administracao-responsavel-de-bens\/","title":{"rendered":"HERDEIRO MENOR DE IDADE: A tutela legal e a administra\u00e7\u00e3o respons\u00e1vel de bens"},"content":{"rendered":"<p>Quando se trata de heran\u00e7a, a situa\u00e7\u00e3o de um <strong>Herdeiro Menor de Idade<\/strong> apresenta desafios e responsabilidades legais \u00fanicas. Longe de ser um processo simples, a sucess\u00e3o para crian\u00e7as e adolescentes exige aten\u00e7\u00e3o redobrada, garantindo que seus direitos sejam protegidos e que o patrim\u00f4nio recebido seja administrado de forma prudente at\u00e9 que atinjam a maioridade. Este guia explora a import\u00e2ncia da tutela legal e as melhores pr\u00e1ticas para uma gest\u00e3o patrimonial transparente e eficaz.<\/p>\n<p><!--more--><\/p>\n<p><img decoding=\"async\" src=\"https:\/\/44906606.fs1.hubspotusercontent-na1.net\/hubfs\/44906606\/herdei%204-1.png\" width=\"547\" height=\"378\" loading=\"lazy\" alt=\"herdei 4-1\" style=\"height: auto; max-width: 100%; width: 547px;\"><\/p>\n<h2><strong><span style=\"font-size: 18px; color: #000000;\">A import\u00e2ncia da tutela para o Herdeiro Menor de Idade.<\/span><\/strong><\/h2>\n<p>A tutela \u00e9 um instituto jur\u00eddico fundamental que visa proteger os interesses de um menor que perdeu seus pais ou teve sua capacidade parental suspensa ou destitu\u00edda. Seu prop\u00f3sito principal \u00e9 assegurar que o Herdeiro Menor de Idade receba os cuidados necess\u00e1rios, n\u00e3o apenas em termos de educa\u00e7\u00e3o e bem-estar, mas tamb\u00e9m na administra\u00e7\u00e3o de seus bens. Sem a tutela legalmente estabelecida, o patrim\u00f4nio do menor poderia ficar desprotegido, sujeito a m\u00e1 gest\u00e3o ou at\u00e9 mesmo desvio.<\/p>\n<p>O tutor, nomeado judicialmente ou, em alguns casos, por testamento deixado pelos pais, assume a responsabilidade de representar o menor em todos os atos da vida civil. Isso inclui desde decis\u00f5es sobre sua sa\u00fade e educa\u00e7\u00e3o at\u00e9 a gest\u00e3o de sua heran\u00e7a. A escolha do tutor \u00e9 um ato de grande seriedade, pois essa pessoa ter\u00e1 um impacto direto no futuro financeiro e pessoal do herdeiro.<\/p>\n<h3><strong><span style=\"font-size: 14px; color: #000000;\">Quem pode ser tutor?<\/span><\/strong><\/h3>\n<p>Geralmente, a prefer\u00eancia recai sobre membros da fam\u00edlia, como av\u00f3s, tios ou irm\u00e3os maiores. No entanto, o fator determinante \u00e9 a capacidade e idoneidade do indiv\u00edduo para exercer a fun\u00e7\u00e3o com zelo e responsabilidade. O processo de nomea\u00e7\u00e3o de um tutor \u00e9 feito atrav\u00e9s da justi\u00e7a, garantindo que o melhor interesse do menor seja sempre a prioridade.<\/p>\n<h2><strong><span style=\"font-size: 18px; color: #000000;\">Administra\u00e7\u00e3o de bens de Herdeiro Menor de Idade: regras e cuidados.<\/span><\/strong><\/h2>\n<p>A <strong>Tutela de bens<\/strong> \u00e9 um dos pilares da responsabilidade do tutor. N\u00e3o basta apenas assumir os cuidados pessoais do menor; \u00e9 preciso gerir seu patrim\u00f4nio de maneira a preserv\u00e1-lo e, se poss\u00edvel, faz\u00ea-lo render, sempre com o objetivo de beneficiar o herdeiro. Essa administra\u00e7\u00e3o \u00e9 regida por regras claras e exige total transpar\u00eancia.<\/p>\n<p>O C\u00f3digo Civil Brasileiro estabelece que o tutor \u00e9 o administrador dos bens do pupilo. Contudo, essa administra\u00e7\u00e3o n\u00e3o \u00e9 livre. Para a pr\u00e1tica de atos que envolvem riscos maiores ao patrim\u00f4nio ou que representam aliena\u00e7\u00e3o de bens, como a venda de im\u00f3veis ou investimentos de alto risco, \u00e9 imprescind\u00edvel a autoriza\u00e7\u00e3o judicial. Essa medida visa proteger o menor de decis\u00f5es impensadas ou fraudulentas.<\/p>\n<h3><strong><span style=\"font-size: 14px; color: #000000;\">A responsabilidade do tutor na gest\u00e3o<\/span><\/strong><\/h3>\n<p>O tutor deve agir com a mesma dilig\u00eancia que um pai zeloso teria na administra\u00e7\u00e3o dos pr\u00f3prios bens. Isso significa manter registros claros de todas as transa\u00e7\u00f5es, rendimentos e despesas relacionadas ao patrim\u00f4nio do menor. Periodicamente, o tutor dever\u00e1 prestar contas \u00e0 justi\u00e7a, detalhando a movimenta\u00e7\u00e3o dos bens e provando que a gest\u00e3o est\u00e1 sendo feita no melhor interesse do Herdeiro Menor de Idade.<\/p>\n<h3><strong><span style=\"font-size: 14px; color: #000000;\">Atos que exigem autoriza\u00e7\u00e3o judicial<\/span><\/strong><\/h3>\n<ul>\n<li aria-level=\"1\">Venda ou hipoteca de im\u00f3veis.<\/li>\n<li aria-level=\"1\">Aceita\u00e7\u00e3o de heran\u00e7as ou legados com encargos.<\/li>\n<li aria-level=\"1\">Realiza\u00e7\u00e3o de investimentos que possam comprometer a seguran\u00e7a do capital.<\/li>\n<li aria-level=\"1\">Qualquer ato que envolva aliena\u00e7\u00e3o ou onera\u00e7\u00e3o de bens significativos.<\/li>\n<\/ul>\n<p>Essa supervis\u00e3o judicial \u00e9 crucial para evitar que o patrim\u00f4nio do menor seja dissipado antes que ele atinja a maioridade.<\/p>\n<h2><strong><span style=\"font-size: 18px; color: #000000;\">Proteja o patrim\u00f4nio do Herdeiro Menor de Idade legalmente.<\/span><\/strong><\/h2>\n<p>A prote\u00e7\u00e3o do patrim\u00f4nio de um Herdeiro Menor de Idade n\u00e3o se limita apenas \u00e0 atua\u00e7\u00e3o do tutor; ela come\u00e7a com um planejamento sucess\u00f3rio bem estruturado e a escolha do caminho certo para a partilha da heran\u00e7a. Optar por solu\u00e7\u00f5es digitais e processos extrajudiciais, quando cab\u00edveis, pode agilizar significativamente o processo e proteger o valor dos bens.<\/p>\n<p>Em muitos casos, o invent\u00e1rio extrajudicial \u00e9 a solu\u00e7\u00e3o ideal, especialmente quando todos os herdeiros s\u00e3o capazes e concordam com a partilha. No entanto, a presen\u00e7a de um Herdeiro Menor de Idade exige um tratamento diferenciado. Nesses casos, a lei exige a interven\u00e7\u00e3o do Minist\u00e9rio P\u00fablico para salvaguardar os interesses do menor, e o processo, em regra, tramita pela via judicial. Contudo, a prepara\u00e7\u00e3o da documenta\u00e7\u00e3o e o alinhamento entre os herdeiros maiores podem tornar essa tramita\u00e7\u00e3o mais fluida.<\/p>\n<h3><strong><span style=\"font-size: 14px; color: #000000;\">O papel do planejamento sucess\u00f3rio<\/span><\/strong><\/h3>\n<p>O planejamento sucess\u00f3rio permite que o propriet\u00e1rio dos bens defina, em vida, como seu patrim\u00f4nio ser\u00e1 distribu\u00eddo ap\u00f3s sua morte. Ferramentas como o testamento podem ser usadas para indicar um tutor, estabelecer usufrutos e at\u00e9 mesmo criar cl\u00e1usulas de incomunicabilidade ou inalienabilidade para os bens deixados a um Herdeiro Menor de Idade, garantindo uma prote\u00e7\u00e3o adicional contra m\u00e1 gest\u00e3o ou desvio futuro.<\/p>\n<h3><strong><span style=\"font-size: 14px; color: #000000;\">A import\u00e2ncia de um invent\u00e1rio eficiente<\/span><\/strong><\/h3>\n<p>Um invent\u00e1rio bem conduzido \u00e9 vital para que o patrim\u00f4nio seja transmitido corretamente ao Herdeiro Menor de Idade. A demora ou a burocracia excessiva podem corroer o valor da heran\u00e7a devido a taxas e impostos acumulados. Plataformas como a Herdei simplificam a organiza\u00e7\u00e3o da documenta\u00e7\u00e3o, conectam os herdeiros a advogados especialistas e permitem o parcelamento de todos os custos, facilitando o acesso \u00e0 justi\u00e7a e \u00e0 correta partilha, mesmo em cen\u00e1rios mais complexos que envolvem menores.<\/p>\n<h2><strong><span style=\"font-size: 18px; color: #000000;\">Direitos e deveres na gest\u00e3o de bens de um Herdeiro Menor de Idade.<\/span><\/strong><\/h2>\n<p>A gest\u00e3o do patrim\u00f4nio de um Herdeiro Menor de Idade \u00e9 um equil\u00edbrio entre direitos e deveres. Por um lado, o menor tem o direito inalien\u00e1vel de ter seu patrim\u00f4nio preservado, administrado com prud\u00eancia e devolvido integralmente quando atingir a maioridade. Por outro lado, o tutor assume uma s\u00e9rie de deveres que, se n\u00e3o cumpridos, podem acarretar em san\u00e7\u00f5es legais.<\/p>\n<h3><strong><span style=\"font-size: 14px; color: #000000;\">Direitos do Herdeiro Menor de Idade<\/span><\/strong><\/h3>\n<ul>\n<li aria-level=\"1\">Preserva\u00e7\u00e3o do patrim\u00f4nio: o menor tem direito a que seus bens sejam mantidos e valorizados, e n\u00e3o dilapidados.<\/li>\n<li aria-level=\"1\">Presta\u00e7\u00e3o de contas: o tutor deve prestar contas de sua gest\u00e3o \u00e0 justi\u00e7a, garantindo transpar\u00eancia.<\/li>\n<li aria-level=\"1\">Recebimento integral: ao completar 18 anos, o herdeiro tem o direito de receber a totalidade de seus bens, com os devidos rendimentos e sem \u00f4nus indevidos.<\/li>\n<\/ul>\n<h3><strong><span style=\"font-size: 14px; color: #000000;\">Deveres do tutor na gest\u00e3o de bens<\/span><\/strong><\/h3>\n<ul>\n<li aria-level=\"1\">Zelo e dilig\u00eancia: administrar os bens como se fossem seus, ou at\u00e9 com mais cuidado, dada a responsabilidade fiduci\u00e1ria.<\/li>\n<li aria-level=\"1\">Fidelidade: agir sempre no melhor interesse do menor, evitando conflitos de interesse.<\/li>\n<li aria-level=\"1\">Presta\u00e7\u00e3o de contas: apresentar relat\u00f3rios detalhados e comprovantes de todas as movimenta\u00e7\u00f5es financeiras \u00e0 justi\u00e7a.<\/li>\n<li aria-level=\"1\">Investimentos prudentes: realizar investimentos que garantam a seguran\u00e7a e a rentabilidade do patrim\u00f4nio, sempre com autoriza\u00e7\u00e3o judicial para atos de maior risco.<\/li>\n<\/ul>\n<p>A inobserv\u00e2ncia desses deveres pode levar \u00e0 destitui\u00e7\u00e3o do tutor e, em casos de m\u00e1-f\u00e9 ou preju\u00edzo ao patrim\u00f4nio do menor, \u00e0 responsabiliza\u00e7\u00e3o civil e at\u00e9 criminal do tutor.<\/p>\n<p>Em resumo, a presen\u00e7a de um <strong>Herdeiro Menor de Idade<\/strong> em um processo de heran\u00e7a transforma a jornada em um compromisso de responsabilidade legal e moral. A tutela e a administra\u00e7\u00e3o de bens devem ser conduzidas com a m\u00e1xima seriedade, transpar\u00eancia e, invariavelmente, com o apoio de profissionais do direito. A Herdei se dedica a simplificar e tornar acess\u00edvel esse processo, garantindo que o futuro financeiro do seu Herdeiro Menor de Idade esteja seguro e protegido.<\/p>\n<p>Proteja o futuro do seu Herdeiro Menor de Idade com a Herdei. Clique e descubra como podemos agilizar e simplificar o processo de invent\u00e1rio e planejamento sucess\u00f3rio para voc\u00ea! <a href=\"https:\/\/euherdei.com.br\/\" style=\"color: #0000ee;\"><span>https:\/\/euherdei.com.br\/<\/span><\/a><\/p>\n","protected":false},"excerpt":{"rendered":"<p>Quando se trata de heran\u00e7a, a situa\u00e7\u00e3o de um <strong>Herdeiro Menor de Idade<\/strong> apresenta desafios e responsabilidades legais \u00fanicas. Longe de ser um processo simples, a sucess\u00e3o para crian\u00e7as e adolescentes exige aten\u00e7\u00e3o redobrada, garantindo que seus direitos sejam protegidos e que o patrim\u00f4nio recebido seja administrado de forma prudente at\u00e9 que atinjam a maioridade. Este guia explora a import\u00e2ncia da tutela legal e as melhores pr\u00e1ticas para uma gest\u00e3o patrimonial transparente e eficaz.<\/p>\n","protected":false},"author":3,"featured_media":1093,"comment_status":"closed","ping_status":"","sticky":false,"template":"","format":"standard","meta":{"_yoast_wpseo_title":"HERDEIRO MENOR DE IDADE: A tutela legal e a administra\u00e7\u00e3o respons\u00e1vel de bens","_yoast_wpseo_metadesc":"Saiba tudo sobre Herdeiro Menor de Idade: tutela legal, administra\u00e7\u00e3o de bens e como proteger seu patrim\u00f4nio de forma respons\u00e1vel e eficiente.","footnotes":""},"categories":[23,15,107,48],"tags":[],"class_list":["post-1094","post","type-post","status-publish","format-standard","has-post-thumbnail","hentry","category-advogado-de-familia","category-herdei","category-herdeiro-menor-de-idade","category-protecao-patrimonial"],"yoast_head":"<!-- This site is optimized with the Yoast SEO plugin v27.4 - https:\/\/yoast.com\/product\/yoast-seo-wordpress\/ -->\n<title>HERDEIRO MENOR DE IDADE: A tutela legal e a administra\u00e7\u00e3o respons\u00e1vel de bens<\/title>\n<meta name=\"description\" content=\"Saiba tudo sobre Herdeiro Menor de Idade: tutela legal, administra\u00e7\u00e3o de bens e como proteger seu patrim\u00f4nio de forma respons\u00e1vel e eficiente.\" \/>\n<meta name=\"robots\" content=\"index, follow, max-snippet:-1, max-image-preview:large, max-video-preview:-1\" \/>\n<link rel=\"canonical\" href=\"https:\/\/euherdei.com.br\/blog\/herdeiro-menor-de-idade-a-tutela-legal-e-a-administracao-responsavel-de-bens\/\" \/>\n<meta property=\"og:locale\" content=\"pt_BR\" \/>\n<meta property=\"og:type\" content=\"article\" \/>\n<meta property=\"og:title\" content=\"HERDEIRO MENOR DE IDADE: A tutela legal e a administra\u00e7\u00e3o respons\u00e1vel de bens\" \/>\n<meta property=\"og:description\" content=\"Saiba tudo sobre Herdeiro Menor de Idade: tutela legal, administra\u00e7\u00e3o de bens e como proteger seu patrim\u00f4nio de forma respons\u00e1vel e eficiente.\" \/>\n<meta property=\"og:url\" content=\"https:\/\/euherdei.com.br\/blog\/herdeiro-menor-de-idade-a-tutela-legal-e-a-administracao-responsavel-de-bens\/\" \/>\n<meta property=\"og:site_name\" content=\"Herdei Blog\" \/>\n<meta property=\"article:publisher\" content=\"https:\/\/m.facebook.com\/euherdei\/\" \/>\n<meta property=\"article:published_time\" content=\"2026-02-06T11:00:01+00:00\" \/>\n<meta property=\"article:modified_time\" content=\"2026-04-27T22:32:51+00:00\" \/>\n<meta property=\"og:image\" content=\"https:\/\/euherdei.com.br\/blog\/wp-content\/uploads\/2026\/04\/herdei204-1.png\" \/>\n\t<meta property=\"og:image:width\" content=\"547\" \/>\n\t<meta property=\"og:image:height\" content=\"378\" \/>\n\t<meta property=\"og:image:type\" content=\"image\/png\" \/>\n<meta name=\"author\" content=\"Fala Content\" \/>\n<meta name=\"twitter:card\" content=\"summary_large_image\" \/>\n<meta name=\"twitter:creator\" content=\"@euherdei\" \/>\n<meta name=\"twitter:site\" content=\"@euherdei\" \/>\n<meta name=\"twitter:label1\" content=\"Escrito por\" \/>\n\t<meta name=\"twitter:data1\" content=\"Fala Content\" \/>\n\t<meta name=\"twitter:label2\" content=\"Est. tempo de leitura\" \/>\n\t<meta name=\"twitter:data2\" content=\"7 minutos\" \/>\n<script type=\"application\/ld+json\" class=\"yoast-schema-graph\">{\"@context\":\"https:\\\/\\\/schema.org\",\"@graph\":[{\"@type\":\"Article\",\"@id\":\"https:\\\/\\\/euherdei.com.br\\\/blog\\\/herdeiro-menor-de-idade-a-tutela-legal-e-a-administracao-responsavel-de-bens\\\/#article\",\"isPartOf\":{\"@id\":\"https:\\\/\\\/euherdei.com.br\\\/blog\\\/herdeiro-menor-de-idade-a-tutela-legal-e-a-administracao-responsavel-de-bens\\\/\"},\"author\":{\"name\":\"Fala Content\",\"@id\":\"https:\\\/\\\/euherdei.com.br\\\/blog\\\/#\\\/schema\\\/person\\\/73e6ab0e66e227e3e7c591fe540838db\"},\"headline\":\"HERDEIRO MENOR DE IDADE: A tutela legal e a administra\u00e7\u00e3o respons\u00e1vel de bens\",\"datePublished\":\"2026-02-06T11:00:01+00:00\",\"dateModified\":\"2026-04-27T22:32:51+00:00\",\"mainEntityOfPage\":{\"@id\":\"https:\\\/\\\/euherdei.com.br\\\/blog\\\/herdeiro-menor-de-idade-a-tutela-legal-e-a-administracao-responsavel-de-bens\\\/\"},\"wordCount\":1330,\"publisher\":{\"@id\":\"https:\\\/\\\/euherdei.com.br\\\/blog\\\/#organization\"},\"image\":{\"@id\":\"https:\\\/\\\/euherdei.com.br\\\/blog\\\/herdeiro-menor-de-idade-a-tutela-legal-e-a-administracao-responsavel-de-bens\\\/#primaryimage\"},\"thumbnailUrl\":\"https:\\\/\\\/euherdei.com.br\\\/blog\\\/wp-content\\\/uploads\\\/2026\\\/04\\\/herdei204-1.png\",\"articleSection\":[\"advogado de fam\u00edlia\",\"Herdei\",\"herdeiro menor de idade\",\"prote\u00e7\u00e3o patrimonial\"],\"inLanguage\":\"pt-BR\"},{\"@type\":\"WebPage\",\"@id\":\"https:\\\/\\\/euherdei.com.br\\\/blog\\\/herdeiro-menor-de-idade-a-tutela-legal-e-a-administracao-responsavel-de-bens\\\/\",\"url\":\"https:\\\/\\\/euherdei.com.br\\\/blog\\\/herdeiro-menor-de-idade-a-tutela-legal-e-a-administracao-responsavel-de-bens\\\/\",\"name\":\"HERDEIRO MENOR DE IDADE: A tutela legal e a administra\u00e7\u00e3o respons\u00e1vel de bens\",\"isPartOf\":{\"@id\":\"https:\\\/\\\/euherdei.com.br\\\/blog\\\/#website\"},\"primaryImageOfPage\":{\"@id\":\"https:\\\/\\\/euherdei.com.br\\\/blog\\\/herdeiro-menor-de-idade-a-tutela-legal-e-a-administracao-responsavel-de-bens\\\/#primaryimage\"},\"image\":{\"@id\":\"https:\\\/\\\/euherdei.com.br\\\/blog\\\/herdeiro-menor-de-idade-a-tutela-legal-e-a-administracao-responsavel-de-bens\\\/#primaryimage\"},\"thumbnailUrl\":\"https:\\\/\\\/euherdei.com.br\\\/blog\\\/wp-content\\\/uploads\\\/2026\\\/04\\\/herdei204-1.png\",\"datePublished\":\"2026-02-06T11:00:01+00:00\",\"dateModified\":\"2026-04-27T22:32:51+00:00\",\"description\":\"Saiba tudo sobre Herdeiro Menor de Idade: tutela legal, administra\u00e7\u00e3o de bens e como proteger seu patrim\u00f4nio de forma respons\u00e1vel e eficiente.\",\"breadcrumb\":{\"@id\":\"https:\\\/\\\/euherdei.com.br\\\/blog\\\/herdeiro-menor-de-idade-a-tutela-legal-e-a-administracao-responsavel-de-bens\\\/#breadcrumb\"},\"inLanguage\":\"pt-BR\",\"potentialAction\":[{\"@type\":\"ReadAction\",\"target\":[\"https:\\\/\\\/euherdei.com.br\\\/blog\\\/herdeiro-menor-de-idade-a-tutela-legal-e-a-administracao-responsavel-de-bens\\\/\"]}]},{\"@type\":\"ImageObject\",\"inLanguage\":\"pt-BR\",\"@id\":\"https:\\\/\\\/euherdei.com.br\\\/blog\\\/herdeiro-menor-de-idade-a-tutela-legal-e-a-administracao-responsavel-de-bens\\\/#primaryimage\",\"url\":\"https:\\\/\\\/euherdei.com.br\\\/blog\\\/wp-content\\\/uploads\\\/2026\\\/04\\\/herdei204-1.png\",\"contentUrl\":\"https:\\\/\\\/euherdei.com.br\\\/blog\\\/wp-content\\\/uploads\\\/2026\\\/04\\\/herdei204-1.png\",\"width\":547,\"height\":378,\"caption\":\"Saiba tudo sobre Herdeiro Menor de Idade\"},{\"@type\":\"BreadcrumbList\",\"@id\":\"https:\\\/\\\/euherdei.com.br\\\/blog\\\/herdeiro-menor-de-idade-a-tutela-legal-e-a-administracao-responsavel-de-bens\\\/#breadcrumb\",\"itemListElement\":[{\"@type\":\"ListItem\",\"position\":1,\"name\":\"In\u00edcio\",\"item\":\"https:\\\/\\\/euherdei.com.br\\\/blog\\\/\"},{\"@type\":\"ListItem\",\"position\":2,\"name\":\"HERDEIRO MENOR DE IDADE: A tutela legal e a administra\u00e7\u00e3o respons\u00e1vel de bens\"}]},{\"@type\":\"WebSite\",\"@id\":\"https:\\\/\\\/euherdei.com.br\\\/blog\\\/#website\",\"url\":\"https:\\\/\\\/euherdei.com.br\\\/blog\\\/\",\"name\":\"Herdei\",\"description\":\"Conhecimento pr\u00e1tico sobre planejamento sucess\u00f3rio, holding familiar e invent\u00e1rio extrajudicial.\",\"publisher\":{\"@id\":\"https:\\\/\\\/euherdei.com.br\\\/blog\\\/#organization\"},\"potentialAction\":[{\"@type\":\"SearchAction\",\"target\":{\"@type\":\"EntryPoint\",\"urlTemplate\":\"https:\\\/\\\/euherdei.com.br\\\/blog\\\/?s={search_term_string}\"},\"query-input\":{\"@type\":\"PropertyValueSpecification\",\"valueRequired\":true,\"valueName\":\"search_term_string\"}}],\"inLanguage\":\"pt-BR\"},{\"@type\":\"Organization\",\"@id\":\"https:\\\/\\\/euherdei.com.br\\\/blog\\\/#organization\",\"name\":\"Herdei\",\"url\":\"https:\\\/\\\/euherdei.com.br\\\/blog\\\/\",\"logo\":{\"@type\":\"ImageObject\",\"inLanguage\":\"pt-BR\",\"@id\":\"https:\\\/\\\/euherdei.com.br\\\/blog\\\/#\\\/schema\\\/logo\\\/image\\\/\",\"url\":\"https:\\\/\\\/app.euherdei.com.br\\\/blog\\\/wp-content\\\/uploads\\\/2026\\\/04\\\/herdei-logo.png\",\"contentUrl\":\"https:\\\/\\\/app.euherdei.com.br\\\/blog\\\/wp-content\\\/uploads\\\/2026\\\/04\\\/herdei-logo.png\",\"width\":501,\"height\":501,\"caption\":\"Herdei\"},\"image\":{\"@id\":\"https:\\\/\\\/euherdei.com.br\\\/blog\\\/#\\\/schema\\\/logo\\\/image\\\/\"},\"sameAs\":[\"https:\\\/\\\/m.facebook.com\\\/euherdei\\\/\",\"https:\\\/\\\/x.com\\\/euherdei\",\"https:\\\/\\\/www.instagram.com\\\/euherdei\",\"https:\\\/\\\/br.linkedin.com\\\/company\\\/euherdei\",\"https:\\\/\\\/www.tiktok.com\\\/@euherdei\"]},{\"@type\":\"Person\",\"@id\":\"https:\\\/\\\/euherdei.com.br\\\/blog\\\/#\\\/schema\\\/person\\\/73e6ab0e66e227e3e7c591fe540838db\",\"name\":\"Fala Content\",\"image\":{\"@type\":\"ImageObject\",\"inLanguage\":\"pt-BR\",\"@id\":\"https:\\\/\\\/secure.gravatar.com\\\/avatar\\\/6b4c169de7418e1faa2876d0b46a67b0c10f5fc0e913a708099813e248946504?s=96&d=mm&r=g\",\"url\":\"https:\\\/\\\/secure.gravatar.com\\\/avatar\\\/6b4c169de7418e1faa2876d0b46a67b0c10f5fc0e913a708099813e248946504?s=96&d=mm&r=g\",\"contentUrl\":\"https:\\\/\\\/secure.gravatar.com\\\/avatar\\\/6b4c169de7418e1faa2876d0b46a67b0c10f5fc0e913a708099813e248946504?s=96&d=mm&r=g\",\"caption\":\"Fala Content\"},\"url\":\"https:\\\/\\\/euherdei.com.br\\\/blog\\\/author\\\/fala-content\\\/\"}]}<\/script>\n<!-- \/ Yoast SEO plugin. -->","yoast_head_json":{"title":"HERDEIRO MENOR DE IDADE: A tutela legal e a administra\u00e7\u00e3o respons\u00e1vel de bens","description":"Saiba tudo sobre Herdeiro Menor de Idade: tutela legal, administra\u00e7\u00e3o de bens e como proteger seu patrim\u00f4nio de forma respons\u00e1vel e eficiente.","robots":{"index":"index","follow":"follow","max-snippet":"max-snippet:-1","max-image-preview":"max-image-preview:large","max-video-preview":"max-video-preview:-1"},"canonical":"https:\/\/euherdei.com.br\/blog\/herdeiro-menor-de-idade-a-tutela-legal-e-a-administracao-responsavel-de-bens\/","og_locale":"pt_BR","og_type":"article","og_title":"HERDEIRO MENOR DE IDADE: A tutela legal e a administra\u00e7\u00e3o respons\u00e1vel de bens","og_description":"Saiba tudo sobre Herdeiro Menor de Idade: tutela legal, administra\u00e7\u00e3o de bens e como proteger seu patrim\u00f4nio de forma respons\u00e1vel e eficiente.","og_url":"https:\/\/euherdei.com.br\/blog\/herdeiro-menor-de-idade-a-tutela-legal-e-a-administracao-responsavel-de-bens\/","og_site_name":"Herdei Blog","article_publisher":"https:\/\/m.facebook.com\/euherdei\/","article_published_time":"2026-02-06T11:00:01+00:00","article_modified_time":"2026-04-27T22:32:51+00:00","og_image":[{"width":547,"height":378,"url":"https:\/\/euherdei.com.br\/blog\/wp-content\/uploads\/2026\/04\/herdei204-1.png","type":"image\/png"}],"author":"Fala Content","twitter_card":"summary_large_image","twitter_creator":"@euherdei","twitter_site":"@euherdei","twitter_misc":{"Escrito por":"Fala Content","Est. tempo de leitura":"7 minutos"},"schema":{"@context":"https:\/\/schema.org","@graph":[{"@type":"Article","@id":"https:\/\/euherdei.com.br\/blog\/herdeiro-menor-de-idade-a-tutela-legal-e-a-administracao-responsavel-de-bens\/#article","isPartOf":{"@id":"https:\/\/euherdei.com.br\/blog\/herdeiro-menor-de-idade-a-tutela-legal-e-a-administracao-responsavel-de-bens\/"},"author":{"name":"Fala Content","@id":"https:\/\/euherdei.com.br\/blog\/#\/schema\/person\/73e6ab0e66e227e3e7c591fe540838db"},"headline":"HERDEIRO MENOR DE IDADE: A tutela legal e a administra\u00e7\u00e3o respons\u00e1vel de bens","datePublished":"2026-02-06T11:00:01+00:00","dateModified":"2026-04-27T22:32:51+00:00","mainEntityOfPage":{"@id":"https:\/\/euherdei.com.br\/blog\/herdeiro-menor-de-idade-a-tutela-legal-e-a-administracao-responsavel-de-bens\/"},"wordCount":1330,"publisher":{"@id":"https:\/\/euherdei.com.br\/blog\/#organization"},"image":{"@id":"https:\/\/euherdei.com.br\/blog\/herdeiro-menor-de-idade-a-tutela-legal-e-a-administracao-responsavel-de-bens\/#primaryimage"},"thumbnailUrl":"https:\/\/euherdei.com.br\/blog\/wp-content\/uploads\/2026\/04\/herdei204-1.png","articleSection":["advogado de fam\u00edlia","Herdei","herdeiro menor de idade","prote\u00e7\u00e3o patrimonial"],"inLanguage":"pt-BR"},{"@type":"WebPage","@id":"https:\/\/euherdei.com.br\/blog\/herdeiro-menor-de-idade-a-tutela-legal-e-a-administracao-responsavel-de-bens\/","url":"https:\/\/euherdei.com.br\/blog\/herdeiro-menor-de-idade-a-tutela-legal-e-a-administracao-responsavel-de-bens\/","name":"HERDEIRO MENOR DE IDADE: A tutela legal e a administra\u00e7\u00e3o respons\u00e1vel de bens","isPartOf":{"@id":"https:\/\/euherdei.com.br\/blog\/#website"},"primaryImageOfPage":{"@id":"https:\/\/euherdei.com.br\/blog\/herdeiro-menor-de-idade-a-tutela-legal-e-a-administracao-responsavel-de-bens\/#primaryimage"},"image":{"@id":"https:\/\/euherdei.com.br\/blog\/herdeiro-menor-de-idade-a-tutela-legal-e-a-administracao-responsavel-de-bens\/#primaryimage"},"thumbnailUrl":"https:\/\/euherdei.com.br\/blog\/wp-content\/uploads\/2026\/04\/herdei204-1.png","datePublished":"2026-02-06T11:00:01+00:00","dateModified":"2026-04-27T22:32:51+00:00","description":"Saiba tudo sobre Herdeiro Menor de Idade: tutela legal, administra\u00e7\u00e3o de bens e como proteger seu patrim\u00f4nio de forma respons\u00e1vel e eficiente.","breadcrumb":{"@id":"https:\/\/euherdei.com.br\/blog\/herdeiro-menor-de-idade-a-tutela-legal-e-a-administracao-responsavel-de-bens\/#breadcrumb"},"inLanguage":"pt-BR","potentialAction":[{"@type":"ReadAction","target":["https:\/\/euherdei.com.br\/blog\/herdeiro-menor-de-idade-a-tutela-legal-e-a-administracao-responsavel-de-bens\/"]}]},{"@type":"ImageObject","inLanguage":"pt-BR","@id":"https:\/\/euherdei.com.br\/blog\/herdeiro-menor-de-idade-a-tutela-legal-e-a-administracao-responsavel-de-bens\/#primaryimage","url":"https:\/\/euherdei.com.br\/blog\/wp-content\/uploads\/2026\/04\/herdei204-1.png","contentUrl":"https:\/\/euherdei.com.br\/blog\/wp-content\/uploads\/2026\/04\/herdei204-1.png","width":547,"height":378,"caption":"Saiba tudo sobre Herdeiro Menor de Idade"},{"@type":"BreadcrumbList","@id":"https:\/\/euherdei.com.br\/blog\/herdeiro-menor-de-idade-a-tutela-legal-e-a-administracao-responsavel-de-bens\/#breadcrumb","itemListElement":[{"@type":"ListItem","position":1,"name":"In\u00edcio","item":"https:\/\/euherdei.com.br\/blog\/"},{"@type":"ListItem","position":2,"name":"HERDEIRO MENOR DE IDADE: A tutela legal e a administra\u00e7\u00e3o respons\u00e1vel de bens"}]},{"@type":"WebSite","@id":"https:\/\/euherdei.com.br\/blog\/#website","url":"https:\/\/euherdei.com.br\/blog\/","name":"Herdei","description":"Conhecimento pr\u00e1tico sobre planejamento sucess\u00f3rio, holding familiar e invent\u00e1rio extrajudicial.","publisher":{"@id":"https:\/\/euherdei.com.br\/blog\/#organization"},"potentialAction":[{"@type":"SearchAction","target":{"@type":"EntryPoint","urlTemplate":"https:\/\/euherdei.com.br\/blog\/?s={search_term_string}"},"query-input":{"@type":"PropertyValueSpecification","valueRequired":true,"valueName":"search_term_string"}}],"inLanguage":"pt-BR"},{"@type":"Organization","@id":"https:\/\/euherdei.com.br\/blog\/#organization","name":"Herdei","url":"https:\/\/euherdei.com.br\/blog\/","logo":{"@type":"ImageObject","inLanguage":"pt-BR","@id":"https:\/\/euherdei.com.br\/blog\/#\/schema\/logo\/image\/","url":"https:\/\/app.euherdei.com.br\/blog\/wp-content\/uploads\/2026\/04\/herdei-logo.png","contentUrl":"https:\/\/app.euherdei.com.br\/blog\/wp-content\/uploads\/2026\/04\/herdei-logo.png","width":501,"height":501,"caption":"Herdei"},"image":{"@id":"https:\/\/euherdei.com.br\/blog\/#\/schema\/logo\/image\/"},"sameAs":["https:\/\/m.facebook.com\/euherdei\/","https:\/\/x.com\/euherdei","https:\/\/www.instagram.com\/euherdei","https:\/\/br.linkedin.com\/company\/euherdei","https:\/\/www.tiktok.com\/@euherdei"]},{"@type":"Person","@id":"https:\/\/euherdei.com.br\/blog\/#\/schema\/person\/73e6ab0e66e227e3e7c591fe540838db","name":"Fala Content","image":{"@type":"ImageObject","inLanguage":"pt-BR","@id":"https:\/\/secure.gravatar.com\/avatar\/6b4c169de7418e1faa2876d0b46a67b0c10f5fc0e913a708099813e248946504?s=96&d=mm&r=g","url":"https:\/\/secure.gravatar.com\/avatar\/6b4c169de7418e1faa2876d0b46a67b0c10f5fc0e913a708099813e248946504?s=96&d=mm&r=g","contentUrl":"https:\/\/secure.gravatar.com\/avatar\/6b4c169de7418e1faa2876d0b46a67b0c10f5fc0e913a708099813e248946504?s=96&d=mm&r=g","caption":"Fala Content"},"url":"https:\/\/euherdei.com.br\/blog\/author\/fala-content\/"}]}},"_links":{"self":[{"href":"https:\/\/euherdei.com.br\/blog\/wp-json\/wp\/v2\/posts\/1094","targetHints":{"allow":["GET"]}}],"collection":[{"href":"https:\/\/euherdei.com.br\/blog\/wp-json\/wp\/v2\/posts"}],"about":[{"href":"https:\/\/euherdei.com.br\/blog\/wp-json\/wp\/v2\/types\/post"}],"author":[{"embeddable":true,"href":"https:\/\/euherdei.com.br\/blog\/wp-json\/wp\/v2\/users\/3"}],"replies":[{"embeddable":true,"href":"https:\/\/euherdei.com.br\/blog\/wp-json\/wp\/v2\/comments?post=1094"}],"version-history":[{"count":1,"href":"https:\/\/euherdei.com.br\/blog\/wp-json\/wp\/v2\/posts\/1094\/revisions"}],"predecessor-version":[{"id":1676,"href":"https:\/\/euherdei.com.br\/blog\/wp-json\/wp\/v2\/posts\/1094\/revisions\/1676"}],"wp:featuredmedia":[{"embeddable":true,"href":"https:\/\/euherdei.com.br\/blog\/wp-json\/wp\/v2\/media\/1093"}],"wp:attachment":[{"href":"https:\/\/euherdei.com.br\/blog\/wp-json\/wp\/v2\/media?parent=1094"}],"wp:term":[{"taxonomy":"category","embeddable":true,"href":"https:\/\/euherdei.com.br\/blog\/wp-json\/wp\/v2\/categories?post=1094"},{"taxonomy":"post_tag","embeddable":true,"href":"https:\/\/euherdei.com.br\/blog\/wp-json\/wp\/v2\/tags?post=1094"}],"curies":[{"name":"wp","href":"https:\/\/api.w.org\/{rel}","templated":true}]}}