{"id":1096,"date":"2025-11-06T07:30:00","date_gmt":"2025-11-06T10:30:00","guid":{"rendered":"https:\/\/app.euherdei.com.br\/blog\/herdeiro-menor-de-idade-estrategias-para-a-protecao-e-gestao-de-bens-imoveis\/"},"modified":"2026-04-27T19:32:52","modified_gmt":"2026-04-27T22:32:52","slug":"herdeiro-menor-de-idade-estrategias-para-a-protecao-e-gestao-de-bens-imoveis","status":"publish","type":"post","link":"https:\/\/euherdei.com.br\/blog\/herdeiro-menor-de-idade-estrategias-para-a-protecao-e-gestao-de-bens-imoveis\/","title":{"rendered":"Herdeiro menor de idade: estrat\u00e9gias para a prote\u00e7\u00e3o e gest\u00e3o de bens im\u00f3veis"},"content":{"rendered":"<p>A perda de um ente querido \u00e9, por si s\u00f3, um momento de grande vulnerabilidade e desafios. Quando h\u00e1 um<strong> herdeiro menor de idade <\/strong>envolvido na partilha de bens, especialmente im\u00f3veis, a situa\u00e7\u00e3o ganha uma camada extra de complexidade e responsabilidade.&nbsp;<\/p>\n<p><!--more--><\/p>\n<p>Proteger o patrim\u00f4nio de quem ainda n\u00e3o tem discernimento legal para gerir seus pr\u00f3prios bens \u00e9 uma prioridade, mas tamb\u00e9m um processo que exige conhecimento e aten\u00e7\u00e3o \u00e0s normas jur\u00eddicas brasileiras.&nbsp;<\/p>\n<p>Este artigo visa desmistificar o tema, apresentando estrat\u00e9gias eficazes para a prote\u00e7\u00e3o e a gest\u00e3o de bens im\u00f3veis destinados a menores, garantindo que o futuro financeiro desses jovens seja seguro e bem administrado.&nbsp;<\/p>\n<p>Na Herdei, entendemos a import\u00e2ncia de um processo sucess\u00f3rio tranquilo e eficiente, especialmente quando o bem-estar de um menor est\u00e1 em jogo.<\/p>\n<p><img decoding=\"async\" src=\"https:\/\/44906606.fs1.hubspotusercontent-na1.net\/hubfs\/44906606\/como-garantir-a-seguran%C3%A7a-de-im%C3%B3veis-para-um-herdeiro-menor-de-idade.webp\" width=\"1080\" height=\"720\" loading=\"lazy\" alt=\"como-garantir-a-seguran\u00e7a-de-im\u00f3veis-para-um-herdeiro-menor-de-idade\" style=\"height: auto; max-width: 100%; width: 1080px; margin-left: auto; margin-right: auto; display: block;\"><\/p>\n<h2 style=\"text-align: center; font-size: 12px;\"><span style=\"color: #000000;\"><em><span style=\"color: #000000;\">Veja estrat\u00e9gias para a prote\u00e7\u00e3o e gest\u00e3o de bens para o herdeiro menor de idade. | Foto: Unsplash.<\/span><\/em><\/span><\/h2>\n<h2><span style=\"font-size: 18px; color: #000000;\">Como garantir a seguran\u00e7a de im\u00f3veis para um herdeiro menor de idade<\/span><\/h2>\n<p>Quando um im\u00f3vel \u00e9 deixado para um menor de idade, a primeira preocupa\u00e7\u00e3o \u00e9 assegurar sua integridade e valor. A lei brasileira estabelece mecanismos de prote\u00e7\u00e3o rigorosos. Em geral, a administra\u00e7\u00e3o dos bens do menor fica sob a responsabilidade de seus pais, que exercem o poder familiar.&nbsp;<\/p>\n<p>Na aus\u00eancia dos pais, ou em casos espec\u00edficos, um tutor \u00e9 nomeado judicialmente para assumir essa fun\u00e7\u00e3o, caracterizando a<strong> tutela patrimonial<\/strong>. Essa responsabilidade n\u00e3o \u00e9 meramente formal; ela exige que os administradores ajam sempre no melhor interesse do menor, preservando o patrim\u00f4nio e buscando seu crescimento.&nbsp;<\/p>\n<p>O Minist\u00e9rio P\u00fablico atua como um fiscalizador, garantindo que os direitos do menor sejam respeitados e que qualquer a\u00e7\u00e3o envolvendo seus bens seja devidamente justificada e autorizada.<\/p>\n<h3><span style=\"font-size: 16px; color: #000000;\">O papel dos pais e tutores na administra\u00e7\u00e3o<\/span><\/h3>\n<p>Os pais ou tutores t\u00eam o dever de administrar os bens do menor com o mesmo cuidado e dilig\u00eancia que teriam com seus pr\u00f3prios bens. Isso inclui desde a manuten\u00e7\u00e3o b\u00e1sica do im\u00f3vel, o pagamento de impostos, at\u00e9 a tomada de decis\u00f5es mais complexas, como a loca\u00e7\u00e3o. No entanto, suas a\u00e7\u00f5es s\u00e3o limitadas pela necessidade de salvaguardar o patrim\u00f4nio do menor.&nbsp;<\/p>\n<p>Qualquer ato que envolva aliena\u00e7\u00e3o (venda), onera\u00e7\u00e3o (hipoteca) ou que possa diminuir significativamente o valor do im\u00f3vel exige autoriza\u00e7\u00e3o judicial pr\u00e9via, conforme veremos a seguir.<\/p>\n<h2><span style=\"font-size: 18px; color: #000000;\">Venda e administra\u00e7\u00e3o de bens im\u00f3veis de herdeiro menor de idade<\/span><\/h2>\n<p>A venda ou qualquer outra forma de aliena\u00e7\u00e3o de um im\u00f3vel pertencente a um herdeiro menor de idade n\u00e3o \u00e9 uma decis\u00e3o simples e est\u00e1 sujeita a regras bastante restritivas. A legisla\u00e7\u00e3o visa proteger o menor de disposi\u00e7\u00f5es imprudentes ou desvantajosas.&nbsp;<\/p>\n<p>Assim, a venda s\u00f3 \u00e9 permitida em situa\u00e7\u00f5es excepcionais, quando comprovadamente necess\u00e1ria ou vantajosa para o menor. Isso pode incluir a necessidade de custear despesas essenciais com sa\u00fade, educa\u00e7\u00e3o, ou quando a manuten\u00e7\u00e3o do im\u00f3vel representa um \u00f4nus excessivo que comprometeria o bem-estar do menor.<\/p>\n<p>Al\u00e9m da venda, a administra\u00e7\u00e3o cotidiana dos im\u00f3veis tamb\u00e9m exige aten\u00e7\u00e3o. Se o im\u00f3vel for colocado para loca\u00e7\u00e3o, por exemplo, o contrato deve seguir as normas legais e os valores recebidos devem ser geridos em benef\u00edcio do menor, com a devida presta\u00e7\u00e3o de contas.&nbsp;<\/p>\n<p>A Herdei simplifica esse processo, conectando os herdeiros a advogados especialistas que podem orientar sobre a melhor forma de administrar esses bens, sempre buscando a solu\u00e7\u00e3o mais ben\u00e9fica e menos burocr\u00e1tica.<\/p>\n<h2><span style=\"font-size: 18px; color: #000000;\">A import\u00e2ncia da autoriza\u00e7\u00e3o judicial para im\u00f3veis de herdeiro menor de idade<\/span><\/h2>\n<p>Como j\u00e1 mencionado, a autoriza\u00e7\u00e3o judicial \u00e9 a pedra angular na prote\u00e7\u00e3o dos bens im\u00f3veis de um menor. Sem ela, qualquer tentativa de venda, doa\u00e7\u00e3o, hipoteca ou permuta de um im\u00f3vel em nome do menor \u00e9 considerada nula.&nbsp;<\/p>\n<p>O processo para obter essa autoriza\u00e7\u00e3o envolve a apresenta\u00e7\u00e3o de um pedido judicial, no qual se deve demonstrar de forma clara e convincente a necessidade ou a ineg\u00e1vel vantagem para o menor na realiza\u00e7\u00e3o do neg\u00f3cio.<\/p>\n<p>O juiz, ap\u00f3s ouvir o Minist\u00e9rio P\u00fablico (que representa os interesses do menor) e analisar todas as provas e argumentos, decidir\u00e1 se concede ou n\u00e3o a autoriza\u00e7\u00e3o. \u00c9 uma salvaguarda legal que impede que os bens do menor sejam dilapidados ou mal utilizados por seus administradores. Esse \u00e9 um processo que, embora burocr\u00e1tico, \u00e9 indispens\u00e1vel para a seguran\u00e7a patrimonial do herdeiro e para a tranquilidade dos respons\u00e1veis.&nbsp;<\/p>\n<p>A Herdei auxilia na organiza\u00e7\u00e3o da documenta\u00e7\u00e3o e no suporte jur\u00eddico necess\u00e1rio para navegar por essas exig\u00eancias.<\/p>\n<h2><span style=\"font-size: 18px; color: #000000;\">Planejamento sucess\u00f3rio para proteger os bens im\u00f3veis do herdeiro menor de idade<\/span><\/h2>\n<p>O planejamento sucess\u00f3rio \u00e9 a ferramenta mais eficaz para antecipar e resolver muitas das complexidades que envolvem herdeiros menores de idade. Ao inv\u00e9s de deixar que a lei decida tudo ap\u00f3s o falecimento, \u00e9 poss\u00edvel organizar a sucess\u00e3o de forma a proteger o patrim\u00f4nio e definir as condi\u00e7\u00f5es para sua gest\u00e3o.<\/p>\n<h3><span style=\"font-size: 16px; color: #000000;\">Testamento e suas possibilidades<\/span><\/h3>\n<p>Um testamento, por exemplo, permite que o testador estabele\u00e7a cl\u00e1usulas espec\u00edficas para a prote\u00e7\u00e3o dos bens do menor, como a nomea\u00e7\u00e3o de um tutor ou de um curador especial para a administra\u00e7\u00e3o de um determinado bem, ou at\u00e9 mesmo condi\u00e7\u00f5es para que o menor acesse ou utilize o patrim\u00f4nio apenas ao atingir uma certa idade ou forma\u00e7\u00e3o.&nbsp;<\/p>\n<p>Pode-se tamb\u00e9m instituir gravames como a inalienabilidade, impenhorabilidade e incomunicabilidade sobre os bens, garantindo que o im\u00f3vel permane\u00e7a no patrim\u00f4nio do menor e n\u00e3o seja vendido, penhorado ou partilhado em um futuro casamento, por exemplo.<\/p>\n<h3><span style=\"font-size: 16px; color: #000000;\">Outras ferramentas de prote\u00e7\u00e3o<\/span><\/h3>\n<p>Al\u00e9m do testamento, outras estrat\u00e9gias, como a constitui\u00e7\u00e3o de uma holding familiar, podem ser consideradas. Embora uma holding n\u00e3o seja uma forma de &#8220;fugir&#8221; do pagamento de impostos, ela pode oferecer benef\u00edcios significativos em termos de organiza\u00e7\u00e3o, governan\u00e7a e efici\u00eancia na gest\u00e3o do patrim\u00f4nio familiar, incluindo im\u00f3veis.&nbsp;<\/p>\n<p>Essa estrutura permite centralizar a administra\u00e7\u00e3o dos bens, facilitar a sucess\u00e3o e otimizar a carga tribut\u00e1ria de forma legal e planejada, evitando lit\u00edgios futuros e garantindo uma transi\u00e7\u00e3o patrimonial mais suave para o herdeiro menor de idade. \u00c9 fundamental buscar aconselhamento jur\u00eddico especializado para entender qual a melhor estrat\u00e9gia para cada caso.<\/p>\n<p>Na Herdei, entendemos que o planejamento sucess\u00f3rio \u00e9 um ato de amor e responsabilidade. Nossa plataforma digital oferece as solu\u00e7\u00f5es para o invent\u00e1rio extrajudicial e para o planejamento sucess\u00f3rio, conectando voc\u00ea a uma rede de advogados especialistas que ir\u00e3o orient\u00e1-lo em cada etapa.&nbsp;<\/p>\n<p>Organizamos a documenta\u00e7\u00e3o de forma 100% online e permitimos o parcelamento de todos os custos \u2013 impostos, cart\u00f3rio e honor\u00e1rios \u2013 em at\u00e9 60 vezes, tornando a prote\u00e7\u00e3o do futuro dos seus herdeiros menores de idade mais acess\u00edvel e menos burocr\u00e1tica.<\/p>\n<h2><span style=\"font-size: 18px; color: #000000;\">Conclus\u00e3o<\/span><\/h2>\n<p>Proteger o patrim\u00f4nio de um herdeiro menor de idade \u00e9 uma tarefa que exige dilig\u00eancia e conhecimento legal. Desde a administra\u00e7\u00e3o cotidiana at\u00e9 as decis\u00f5es mais significativas, como a venda de um im\u00f3vel, a lei brasileira imp\u00f5e uma s\u00e9rie de salvaguardas que visam garantir o melhor interesse do menor. O planejamento sucess\u00f3rio surge como a ferramenta mais poderosa para antecipar essas quest\u00f5es, garantindo uma transi\u00e7\u00e3o patrimonial suave e segura.&nbsp;<\/p>\n<p>Ao entender e aplicar as estrat\u00e9gias corretas, como a tutela patrimonial, a necessidade de autoriza\u00e7\u00e3o judicial e o planejamento preventivo, \u00e9 poss\u00edvel assegurar um futuro mais tranquilo para os seus entes queridos. N\u00e3o deixe a burocracia do invent\u00e1rio e do planejamento sucess\u00f3rio obscurecer a prote\u00e7\u00e3o que seus filhos merecem.<\/p>\n<p>Simplifique o processo e garanta a prote\u00e7\u00e3o do seu herdeiro menor de idade. Clique no link e conhe\u00e7a as solu\u00e7\u00f5es da Herdei para um invent\u00e1rio e planejamento sucess\u00f3rio descomplicado: <a href=\"https:\/\/euherdei.com.br\/%5D\" style=\"color: #0000ee;\"><span>https:\/\/euherdei.com.br\/<\/span><\/a>.<\/p>\n<p>&nbsp;<\/p>\n","protected":false},"excerpt":{"rendered":"<p>A perda de um ente querido \u00e9, por si s\u00f3, um momento de grande vulnerabilidade e desafios. Quando h\u00e1 um<strong> herdeiro menor de idade <\/strong>envolvido na partilha de bens, especialmente im\u00f3veis, a situa\u00e7\u00e3o ganha uma camada extra de complexidade e responsabilidade.&nbsp;<\/p>\n","protected":false},"author":3,"featured_media":1095,"comment_status":"closed","ping_status":"","sticky":false,"template":"","format":"standard","meta":{"_yoast_wpseo_title":"Herdeiro menor de idade: estrat\u00e9gias para a prote\u00e7\u00e3o e gest\u00e3o de bens im\u00f3veis","_yoast_wpseo_metadesc":"Proteja o patrim\u00f4nio do herdeiro menor de idade. Conhe\u00e7a estrat\u00e9gias eficazes para a gest\u00e3o de im\u00f3veis e o planejamento sucess\u00f3rio com a Herdei!","footnotes":""},"categories":[5,95],"tags":[],"class_list":["post-1096","post","type-post","status-publish","format-standard","has-post-thumbnail","hentry","category-heranca","category-herdeiro"],"yoast_head":"<!-- This site is optimized with the Yoast SEO plugin v27.4 - https:\/\/yoast.com\/product\/yoast-seo-wordpress\/ -->\n<title>Herdeiro menor de idade: estrat\u00e9gias para a prote\u00e7\u00e3o e gest\u00e3o de bens im\u00f3veis<\/title>\n<meta name=\"description\" content=\"Proteja o patrim\u00f4nio do herdeiro menor de idade. Conhe\u00e7a estrat\u00e9gias eficazes para a gest\u00e3o de im\u00f3veis e o planejamento sucess\u00f3rio com a Herdei!\" \/>\n<meta name=\"robots\" content=\"index, follow, max-snippet:-1, max-image-preview:large, max-video-preview:-1\" \/>\n<link rel=\"canonical\" href=\"https:\/\/euherdei.com.br\/blog\/herdeiro-menor-de-idade-estrategias-para-a-protecao-e-gestao-de-bens-imoveis\/\" \/>\n<meta property=\"og:locale\" content=\"pt_BR\" \/>\n<meta property=\"og:type\" content=\"article\" \/>\n<meta property=\"og:title\" content=\"Herdeiro menor de idade: estrat\u00e9gias para a prote\u00e7\u00e3o e gest\u00e3o de bens im\u00f3veis\" \/>\n<meta property=\"og:description\" content=\"Proteja o patrim\u00f4nio do herdeiro menor de idade. Conhe\u00e7a estrat\u00e9gias eficazes para a gest\u00e3o de im\u00f3veis e o planejamento sucess\u00f3rio com a Herdei!\" \/>\n<meta property=\"og:url\" content=\"https:\/\/euherdei.com.br\/blog\/herdeiro-menor-de-idade-estrategias-para-a-protecao-e-gestao-de-bens-imoveis\/\" \/>\n<meta property=\"og:site_name\" content=\"Herdei Blog\" \/>\n<meta property=\"article:publisher\" content=\"https:\/\/m.facebook.com\/euherdei\/\" \/>\n<meta property=\"article:published_time\" content=\"2025-11-06T10:30:00+00:00\" \/>\n<meta property=\"article:modified_time\" content=\"2026-04-27T22:32:52+00:00\" \/>\n<meta property=\"og:image\" content=\"https:\/\/euherdei.com.br\/blog\/wp-content\/uploads\/2026\/04\/herdeiro-menor-de-idade-estratC3A9gias-para-a-proteC3A7C3A3o-e-gestC3A3o-de-bens-imC3B3veis.webp\" \/>\n\t<meta property=\"og:image:width\" content=\"1080\" \/>\n\t<meta property=\"og:image:height\" content=\"720\" \/>\n\t<meta property=\"og:image:type\" content=\"image\/webp\" \/>\n<meta name=\"author\" content=\"Fala Content\" \/>\n<meta name=\"twitter:card\" content=\"summary_large_image\" \/>\n<meta name=\"twitter:creator\" content=\"@euherdei\" \/>\n<meta name=\"twitter:site\" content=\"@euherdei\" \/>\n<meta name=\"twitter:label1\" content=\"Escrito por\" \/>\n\t<meta name=\"twitter:data1\" content=\"Fala Content\" \/>\n\t<meta name=\"twitter:label2\" content=\"Est. tempo de leitura\" \/>\n\t<meta name=\"twitter:data2\" content=\"7 minutos\" \/>\n<script type=\"application\/ld+json\" class=\"yoast-schema-graph\">{\"@context\":\"https:\\\/\\\/schema.org\",\"@graph\":[{\"@type\":\"Article\",\"@id\":\"https:\\\/\\\/euherdei.com.br\\\/blog\\\/herdeiro-menor-de-idade-estrategias-para-a-protecao-e-gestao-de-bens-imoveis\\\/#article\",\"isPartOf\":{\"@id\":\"https:\\\/\\\/euherdei.com.br\\\/blog\\\/herdeiro-menor-de-idade-estrategias-para-a-protecao-e-gestao-de-bens-imoveis\\\/\"},\"author\":{\"name\":\"Fala Content\",\"@id\":\"https:\\\/\\\/euherdei.com.br\\\/blog\\\/#\\\/schema\\\/person\\\/73e6ab0e66e227e3e7c591fe540838db\"},\"headline\":\"Herdeiro menor de idade: estrat\u00e9gias para a prote\u00e7\u00e3o e gest\u00e3o de bens im\u00f3veis\",\"datePublished\":\"2025-11-06T10:30:00+00:00\",\"dateModified\":\"2026-04-27T22:32:52+00:00\",\"mainEntityOfPage\":{\"@id\":\"https:\\\/\\\/euherdei.com.br\\\/blog\\\/herdeiro-menor-de-idade-estrategias-para-a-protecao-e-gestao-de-bens-imoveis\\\/\"},\"wordCount\":1398,\"publisher\":{\"@id\":\"https:\\\/\\\/euherdei.com.br\\\/blog\\\/#organization\"},\"image\":{\"@id\":\"https:\\\/\\\/euherdei.com.br\\\/blog\\\/herdeiro-menor-de-idade-estrategias-para-a-protecao-e-gestao-de-bens-imoveis\\\/#primaryimage\"},\"thumbnailUrl\":\"https:\\\/\\\/euherdei.com.br\\\/blog\\\/wp-content\\\/uploads\\\/2026\\\/04\\\/herdeiro-menor-de-idade-estratC3A9gias-para-a-proteC3A7C3A3o-e-gestC3A3o-de-bens-imC3B3veis.webp\",\"articleSection\":[\"Heran\u00e7a\",\"Herdeiro\"],\"inLanguage\":\"pt-BR\"},{\"@type\":\"WebPage\",\"@id\":\"https:\\\/\\\/euherdei.com.br\\\/blog\\\/herdeiro-menor-de-idade-estrategias-para-a-protecao-e-gestao-de-bens-imoveis\\\/\",\"url\":\"https:\\\/\\\/euherdei.com.br\\\/blog\\\/herdeiro-menor-de-idade-estrategias-para-a-protecao-e-gestao-de-bens-imoveis\\\/\",\"name\":\"Herdeiro menor de idade: estrat\u00e9gias para a prote\u00e7\u00e3o e gest\u00e3o de bens im\u00f3veis\",\"isPartOf\":{\"@id\":\"https:\\\/\\\/euherdei.com.br\\\/blog\\\/#website\"},\"primaryImageOfPage\":{\"@id\":\"https:\\\/\\\/euherdei.com.br\\\/blog\\\/herdeiro-menor-de-idade-estrategias-para-a-protecao-e-gestao-de-bens-imoveis\\\/#primaryimage\"},\"image\":{\"@id\":\"https:\\\/\\\/euherdei.com.br\\\/blog\\\/herdeiro-menor-de-idade-estrategias-para-a-protecao-e-gestao-de-bens-imoveis\\\/#primaryimage\"},\"thumbnailUrl\":\"https:\\\/\\\/euherdei.com.br\\\/blog\\\/wp-content\\\/uploads\\\/2026\\\/04\\\/herdeiro-menor-de-idade-estratC3A9gias-para-a-proteC3A7C3A3o-e-gestC3A3o-de-bens-imC3B3veis.webp\",\"datePublished\":\"2025-11-06T10:30:00+00:00\",\"dateModified\":\"2026-04-27T22:32:52+00:00\",\"description\":\"Proteja o patrim\u00f4nio do herdeiro menor de idade. Conhe\u00e7a estrat\u00e9gias eficazes para a gest\u00e3o de im\u00f3veis e o planejamento sucess\u00f3rio com a Herdei!\",\"breadcrumb\":{\"@id\":\"https:\\\/\\\/euherdei.com.br\\\/blog\\\/herdeiro-menor-de-idade-estrategias-para-a-protecao-e-gestao-de-bens-imoveis\\\/#breadcrumb\"},\"inLanguage\":\"pt-BR\",\"potentialAction\":[{\"@type\":\"ReadAction\",\"target\":[\"https:\\\/\\\/euherdei.com.br\\\/blog\\\/herdeiro-menor-de-idade-estrategias-para-a-protecao-e-gestao-de-bens-imoveis\\\/\"]}]},{\"@type\":\"ImageObject\",\"inLanguage\":\"pt-BR\",\"@id\":\"https:\\\/\\\/euherdei.com.br\\\/blog\\\/herdeiro-menor-de-idade-estrategias-para-a-protecao-e-gestao-de-bens-imoveis\\\/#primaryimage\",\"url\":\"https:\\\/\\\/euherdei.com.br\\\/blog\\\/wp-content\\\/uploads\\\/2026\\\/04\\\/herdeiro-menor-de-idade-estratC3A9gias-para-a-proteC3A7C3A3o-e-gestC3A3o-de-bens-imC3B3veis.webp\",\"contentUrl\":\"https:\\\/\\\/euherdei.com.br\\\/blog\\\/wp-content\\\/uploads\\\/2026\\\/04\\\/herdeiro-menor-de-idade-estratC3A9gias-para-a-proteC3A7C3A3o-e-gestC3A3o-de-bens-imC3B3veis.webp\",\"width\":1080,\"height\":720,\"caption\":\"herdeiro-menor-de-idade-estrat\u00e9gias-para-a-prote\u00e7\u00e3o-e-gest\u00e3o-de-bens-im\u00f3veis\"},{\"@type\":\"BreadcrumbList\",\"@id\":\"https:\\\/\\\/euherdei.com.br\\\/blog\\\/herdeiro-menor-de-idade-estrategias-para-a-protecao-e-gestao-de-bens-imoveis\\\/#breadcrumb\",\"itemListElement\":[{\"@type\":\"ListItem\",\"position\":1,\"name\":\"In\u00edcio\",\"item\":\"https:\\\/\\\/euherdei.com.br\\\/blog\\\/\"},{\"@type\":\"ListItem\",\"position\":2,\"name\":\"Herdeiro menor de idade: estrat\u00e9gias para a prote\u00e7\u00e3o e gest\u00e3o de bens im\u00f3veis\"}]},{\"@type\":\"WebSite\",\"@id\":\"https:\\\/\\\/euherdei.com.br\\\/blog\\\/#website\",\"url\":\"https:\\\/\\\/euherdei.com.br\\\/blog\\\/\",\"name\":\"Herdei\",\"description\":\"Conhecimento pr\u00e1tico sobre planejamento sucess\u00f3rio, holding familiar e invent\u00e1rio extrajudicial.\",\"publisher\":{\"@id\":\"https:\\\/\\\/euherdei.com.br\\\/blog\\\/#organization\"},\"potentialAction\":[{\"@type\":\"SearchAction\",\"target\":{\"@type\":\"EntryPoint\",\"urlTemplate\":\"https:\\\/\\\/euherdei.com.br\\\/blog\\\/?s={search_term_string}\"},\"query-input\":{\"@type\":\"PropertyValueSpecification\",\"valueRequired\":true,\"valueName\":\"search_term_string\"}}],\"inLanguage\":\"pt-BR\"},{\"@type\":\"Organization\",\"@id\":\"https:\\\/\\\/euherdei.com.br\\\/blog\\\/#organization\",\"name\":\"Herdei\",\"url\":\"https:\\\/\\\/euherdei.com.br\\\/blog\\\/\",\"logo\":{\"@type\":\"ImageObject\",\"inLanguage\":\"pt-BR\",\"@id\":\"https:\\\/\\\/euherdei.com.br\\\/blog\\\/#\\\/schema\\\/logo\\\/image\\\/\",\"url\":\"https:\\\/\\\/app.euherdei.com.br\\\/blog\\\/wp-content\\\/uploads\\\/2026\\\/04\\\/herdei-logo.png\",\"contentUrl\":\"https:\\\/\\\/app.euherdei.com.br\\\/blog\\\/wp-content\\\/uploads\\\/2026\\\/04\\\/herdei-logo.png\",\"width\":501,\"height\":501,\"caption\":\"Herdei\"},\"image\":{\"@id\":\"https:\\\/\\\/euherdei.com.br\\\/blog\\\/#\\\/schema\\\/logo\\\/image\\\/\"},\"sameAs\":[\"https:\\\/\\\/m.facebook.com\\\/euherdei\\\/\",\"https:\\\/\\\/x.com\\\/euherdei\",\"https:\\\/\\\/www.instagram.com\\\/euherdei\",\"https:\\\/\\\/br.linkedin.com\\\/company\\\/euherdei\",\"https:\\\/\\\/www.tiktok.com\\\/@euherdei\"]},{\"@type\":\"Person\",\"@id\":\"https:\\\/\\\/euherdei.com.br\\\/blog\\\/#\\\/schema\\\/person\\\/73e6ab0e66e227e3e7c591fe540838db\",\"name\":\"Fala Content\",\"image\":{\"@type\":\"ImageObject\",\"inLanguage\":\"pt-BR\",\"@id\":\"https:\\\/\\\/secure.gravatar.com\\\/avatar\\\/6b4c169de7418e1faa2876d0b46a67b0c10f5fc0e913a708099813e248946504?s=96&d=mm&r=g\",\"url\":\"https:\\\/\\\/secure.gravatar.com\\\/avatar\\\/6b4c169de7418e1faa2876d0b46a67b0c10f5fc0e913a708099813e248946504?s=96&d=mm&r=g\",\"contentUrl\":\"https:\\\/\\\/secure.gravatar.com\\\/avatar\\\/6b4c169de7418e1faa2876d0b46a67b0c10f5fc0e913a708099813e248946504?s=96&d=mm&r=g\",\"caption\":\"Fala Content\"},\"url\":\"https:\\\/\\\/euherdei.com.br\\\/blog\\\/author\\\/fala-content\\\/\"}]}<\/script>\n<!-- \/ Yoast SEO plugin. -->","yoast_head_json":{"title":"Herdeiro menor de idade: estrat\u00e9gias para a prote\u00e7\u00e3o e gest\u00e3o de bens im\u00f3veis","description":"Proteja o patrim\u00f4nio do herdeiro menor de idade. Conhe\u00e7a estrat\u00e9gias eficazes para a gest\u00e3o de im\u00f3veis e o planejamento sucess\u00f3rio com a Herdei!","robots":{"index":"index","follow":"follow","max-snippet":"max-snippet:-1","max-image-preview":"max-image-preview:large","max-video-preview":"max-video-preview:-1"},"canonical":"https:\/\/euherdei.com.br\/blog\/herdeiro-menor-de-idade-estrategias-para-a-protecao-e-gestao-de-bens-imoveis\/","og_locale":"pt_BR","og_type":"article","og_title":"Herdeiro menor de idade: estrat\u00e9gias para a prote\u00e7\u00e3o e gest\u00e3o de bens im\u00f3veis","og_description":"Proteja o patrim\u00f4nio do herdeiro menor de idade. Conhe\u00e7a estrat\u00e9gias eficazes para a gest\u00e3o de im\u00f3veis e o planejamento sucess\u00f3rio com a Herdei!","og_url":"https:\/\/euherdei.com.br\/blog\/herdeiro-menor-de-idade-estrategias-para-a-protecao-e-gestao-de-bens-imoveis\/","og_site_name":"Herdei Blog","article_publisher":"https:\/\/m.facebook.com\/euherdei\/","article_published_time":"2025-11-06T10:30:00+00:00","article_modified_time":"2026-04-27T22:32:52+00:00","og_image":[{"width":1080,"height":720,"url":"https:\/\/euherdei.com.br\/blog\/wp-content\/uploads\/2026\/04\/herdeiro-menor-de-idade-estratC3A9gias-para-a-proteC3A7C3A3o-e-gestC3A3o-de-bens-imC3B3veis.webp","type":"image\/webp"}],"author":"Fala Content","twitter_card":"summary_large_image","twitter_creator":"@euherdei","twitter_site":"@euherdei","twitter_misc":{"Escrito por":"Fala Content","Est. tempo de leitura":"7 minutos"},"schema":{"@context":"https:\/\/schema.org","@graph":[{"@type":"Article","@id":"https:\/\/euherdei.com.br\/blog\/herdeiro-menor-de-idade-estrategias-para-a-protecao-e-gestao-de-bens-imoveis\/#article","isPartOf":{"@id":"https:\/\/euherdei.com.br\/blog\/herdeiro-menor-de-idade-estrategias-para-a-protecao-e-gestao-de-bens-imoveis\/"},"author":{"name":"Fala Content","@id":"https:\/\/euherdei.com.br\/blog\/#\/schema\/person\/73e6ab0e66e227e3e7c591fe540838db"},"headline":"Herdeiro menor de idade: estrat\u00e9gias para a prote\u00e7\u00e3o e gest\u00e3o de bens im\u00f3veis","datePublished":"2025-11-06T10:30:00+00:00","dateModified":"2026-04-27T22:32:52+00:00","mainEntityOfPage":{"@id":"https:\/\/euherdei.com.br\/blog\/herdeiro-menor-de-idade-estrategias-para-a-protecao-e-gestao-de-bens-imoveis\/"},"wordCount":1398,"publisher":{"@id":"https:\/\/euherdei.com.br\/blog\/#organization"},"image":{"@id":"https:\/\/euherdei.com.br\/blog\/herdeiro-menor-de-idade-estrategias-para-a-protecao-e-gestao-de-bens-imoveis\/#primaryimage"},"thumbnailUrl":"https:\/\/euherdei.com.br\/blog\/wp-content\/uploads\/2026\/04\/herdeiro-menor-de-idade-estratC3A9gias-para-a-proteC3A7C3A3o-e-gestC3A3o-de-bens-imC3B3veis.webp","articleSection":["Heran\u00e7a","Herdeiro"],"inLanguage":"pt-BR"},{"@type":"WebPage","@id":"https:\/\/euherdei.com.br\/blog\/herdeiro-menor-de-idade-estrategias-para-a-protecao-e-gestao-de-bens-imoveis\/","url":"https:\/\/euherdei.com.br\/blog\/herdeiro-menor-de-idade-estrategias-para-a-protecao-e-gestao-de-bens-imoveis\/","name":"Herdeiro menor de idade: estrat\u00e9gias para a prote\u00e7\u00e3o e gest\u00e3o de bens im\u00f3veis","isPartOf":{"@id":"https:\/\/euherdei.com.br\/blog\/#website"},"primaryImageOfPage":{"@id":"https:\/\/euherdei.com.br\/blog\/herdeiro-menor-de-idade-estrategias-para-a-protecao-e-gestao-de-bens-imoveis\/#primaryimage"},"image":{"@id":"https:\/\/euherdei.com.br\/blog\/herdeiro-menor-de-idade-estrategias-para-a-protecao-e-gestao-de-bens-imoveis\/#primaryimage"},"thumbnailUrl":"https:\/\/euherdei.com.br\/blog\/wp-content\/uploads\/2026\/04\/herdeiro-menor-de-idade-estratC3A9gias-para-a-proteC3A7C3A3o-e-gestC3A3o-de-bens-imC3B3veis.webp","datePublished":"2025-11-06T10:30:00+00:00","dateModified":"2026-04-27T22:32:52+00:00","description":"Proteja o patrim\u00f4nio do herdeiro menor de idade. Conhe\u00e7a estrat\u00e9gias eficazes para a gest\u00e3o de im\u00f3veis e o planejamento sucess\u00f3rio com a Herdei!","breadcrumb":{"@id":"https:\/\/euherdei.com.br\/blog\/herdeiro-menor-de-idade-estrategias-para-a-protecao-e-gestao-de-bens-imoveis\/#breadcrumb"},"inLanguage":"pt-BR","potentialAction":[{"@type":"ReadAction","target":["https:\/\/euherdei.com.br\/blog\/herdeiro-menor-de-idade-estrategias-para-a-protecao-e-gestao-de-bens-imoveis\/"]}]},{"@type":"ImageObject","inLanguage":"pt-BR","@id":"https:\/\/euherdei.com.br\/blog\/herdeiro-menor-de-idade-estrategias-para-a-protecao-e-gestao-de-bens-imoveis\/#primaryimage","url":"https:\/\/euherdei.com.br\/blog\/wp-content\/uploads\/2026\/04\/herdeiro-menor-de-idade-estratC3A9gias-para-a-proteC3A7C3A3o-e-gestC3A3o-de-bens-imC3B3veis.webp","contentUrl":"https:\/\/euherdei.com.br\/blog\/wp-content\/uploads\/2026\/04\/herdeiro-menor-de-idade-estratC3A9gias-para-a-proteC3A7C3A3o-e-gestC3A3o-de-bens-imC3B3veis.webp","width":1080,"height":720,"caption":"herdeiro-menor-de-idade-estrat\u00e9gias-para-a-prote\u00e7\u00e3o-e-gest\u00e3o-de-bens-im\u00f3veis"},{"@type":"BreadcrumbList","@id":"https:\/\/euherdei.com.br\/blog\/herdeiro-menor-de-idade-estrategias-para-a-protecao-e-gestao-de-bens-imoveis\/#breadcrumb","itemListElement":[{"@type":"ListItem","position":1,"name":"In\u00edcio","item":"https:\/\/euherdei.com.br\/blog\/"},{"@type":"ListItem","position":2,"name":"Herdeiro menor de idade: estrat\u00e9gias para a prote\u00e7\u00e3o e gest\u00e3o de bens im\u00f3veis"}]},{"@type":"WebSite","@id":"https:\/\/euherdei.com.br\/blog\/#website","url":"https:\/\/euherdei.com.br\/blog\/","name":"Herdei","description":"Conhecimento pr\u00e1tico sobre planejamento sucess\u00f3rio, holding familiar e invent\u00e1rio extrajudicial.","publisher":{"@id":"https:\/\/euherdei.com.br\/blog\/#organization"},"potentialAction":[{"@type":"SearchAction","target":{"@type":"EntryPoint","urlTemplate":"https:\/\/euherdei.com.br\/blog\/?s={search_term_string}"},"query-input":{"@type":"PropertyValueSpecification","valueRequired":true,"valueName":"search_term_string"}}],"inLanguage":"pt-BR"},{"@type":"Organization","@id":"https:\/\/euherdei.com.br\/blog\/#organization","name":"Herdei","url":"https:\/\/euherdei.com.br\/blog\/","logo":{"@type":"ImageObject","inLanguage":"pt-BR","@id":"https:\/\/euherdei.com.br\/blog\/#\/schema\/logo\/image\/","url":"https:\/\/app.euherdei.com.br\/blog\/wp-content\/uploads\/2026\/04\/herdei-logo.png","contentUrl":"https:\/\/app.euherdei.com.br\/blog\/wp-content\/uploads\/2026\/04\/herdei-logo.png","width":501,"height":501,"caption":"Herdei"},"image":{"@id":"https:\/\/euherdei.com.br\/blog\/#\/schema\/logo\/image\/"},"sameAs":["https:\/\/m.facebook.com\/euherdei\/","https:\/\/x.com\/euherdei","https:\/\/www.instagram.com\/euherdei","https:\/\/br.linkedin.com\/company\/euherdei","https:\/\/www.tiktok.com\/@euherdei"]},{"@type":"Person","@id":"https:\/\/euherdei.com.br\/blog\/#\/schema\/person\/73e6ab0e66e227e3e7c591fe540838db","name":"Fala Content","image":{"@type":"ImageObject","inLanguage":"pt-BR","@id":"https:\/\/secure.gravatar.com\/avatar\/6b4c169de7418e1faa2876d0b46a67b0c10f5fc0e913a708099813e248946504?s=96&d=mm&r=g","url":"https:\/\/secure.gravatar.com\/avatar\/6b4c169de7418e1faa2876d0b46a67b0c10f5fc0e913a708099813e248946504?s=96&d=mm&r=g","contentUrl":"https:\/\/secure.gravatar.com\/avatar\/6b4c169de7418e1faa2876d0b46a67b0c10f5fc0e913a708099813e248946504?s=96&d=mm&r=g","caption":"Fala Content"},"url":"https:\/\/euherdei.com.br\/blog\/author\/fala-content\/"}]}},"_links":{"self":[{"href":"https:\/\/euherdei.com.br\/blog\/wp-json\/wp\/v2\/posts\/1096","targetHints":{"allow":["GET"]}}],"collection":[{"href":"https:\/\/euherdei.com.br\/blog\/wp-json\/wp\/v2\/posts"}],"about":[{"href":"https:\/\/euherdei.com.br\/blog\/wp-json\/wp\/v2\/types\/post"}],"author":[{"embeddable":true,"href":"https:\/\/euherdei.com.br\/blog\/wp-json\/wp\/v2\/users\/3"}],"replies":[{"embeddable":true,"href":"https:\/\/euherdei.com.br\/blog\/wp-json\/wp\/v2\/comments?post=1096"}],"version-history":[{"count":1,"href":"https:\/\/euherdei.com.br\/blog\/wp-json\/wp\/v2\/posts\/1096\/revisions"}],"predecessor-version":[{"id":1677,"href":"https:\/\/euherdei.com.br\/blog\/wp-json\/wp\/v2\/posts\/1096\/revisions\/1677"}],"wp:featuredmedia":[{"embeddable":true,"href":"https:\/\/euherdei.com.br\/blog\/wp-json\/wp\/v2\/media\/1095"}],"wp:attachment":[{"href":"https:\/\/euherdei.com.br\/blog\/wp-json\/wp\/v2\/media?parent=1096"}],"wp:term":[{"taxonomy":"category","embeddable":true,"href":"https:\/\/euherdei.com.br\/blog\/wp-json\/wp\/v2\/categories?post=1096"},{"taxonomy":"post_tag","embeddable":true,"href":"https:\/\/euherdei.com.br\/blog\/wp-json\/wp\/v2\/tags?post=1096"}],"curies":[{"name":"wp","href":"https:\/\/api.w.org\/{rel}","templated":true}]}}