{"id":1268,"date":"2025-04-17T17:00:00","date_gmt":"2025-04-17T20:00:00","guid":{"rendered":"https:\/\/app.euherdei.com.br\/blog\/inventario-em-cartorio-quando-nao-e-cabivel\/"},"modified":"2026-04-27T19:34:32","modified_gmt":"2026-04-27T22:34:32","slug":"inventario-em-cartorio-quando-nao-e-cabivel","status":"publish","type":"post","link":"https:\/\/euherdei.com.br\/blog\/inventario-em-cartorio-quando-nao-e-cabivel\/","title":{"rendered":"Invent\u00e1rio em Cart\u00f3rio: Quando n\u00e3o \u00e9 cab\u00edvel?"},"content":{"rendered":"<p style=\"text-align: center;\"><strong>NOVO CONTE\u00daDO<\/strong><\/p>\n<p><!--more--><\/p>\n<h1><span style=\"font-size: 20px; color: #000000;\">Invent\u00e1rio em Cart\u00f3rio: Quando n\u00e3o \u00e9 cab\u00edvel?<\/span><\/h1>\n<p style=\"text-align: justify;\">O <strong>Invent\u00e1rio em Cart\u00f3rio<\/strong> \u00e9 uma op\u00e7\u00e3o pr\u00e1tica e r\u00e1pida para a partilha de bens, mas nem sempre se aplica a todos os casos. Entender quando essa modalidade n\u00e3o \u00e9 cab\u00edvel \u00e9 fundamental para que as fam\u00edlias escolham o procedimento adequado e evitem complica\u00e7\u00f5es futuras.&nbsp;<\/p>\n<p style=\"text-align: justify;\">Neste artigo, vamos analisar os principais fatores que podem impedir o uso do<strong> invent\u00e1rio extrajudicial<\/strong>, abordando desde a exist\u00eancia de testamento at\u00e9 a incapacidade de alguns herdeiros, al\u00e9m de apresentar alternativas e estrat\u00e9gias para cada situa\u00e7\u00e3o.<\/p>\n<p style=\"text-align: justify;\"><img decoding=\"async\" src=\"https:\/\/44906606.fs1.hubspotusercontent-na1.net\/hubfs\/44906606\/imagem_2025-04-02_144212614.webp\" width=\"996\" height=\"664\" loading=\"lazy\" alt=\"imagem_2025-04-02_144212614\" style=\"height: auto; max-width: 100%; width: 996px;\"><\/p>\n<p style=\"text-align: center;\"><em>Invent\u00e1rio em cart\u00f3rio: Saiba quando n\u00e3o \u00e9 cab\u00edvel | Foto: <\/em><a href=\"https:\/\/www.freepik.com\/free-photo\/visa-application-form-composition_18895521.htm#fromView=search&amp;page=1&amp;position=9&amp;uuid=bf4518f5-e54f-43ee-a41a-34a403ed65cb&amp;query=cart%C3%B3rio\"><em><span>Freepik<\/span><\/em><\/a><em>.<\/em><\/p>\n<h2><span style=\"font-size: 18px; color: #000000;\">Condi\u00e7\u00f5es indispens\u00e1veis para o Invent\u00e1rio em Cart\u00f3rio<\/span><\/h2>\n<p style=\"text-align: justify;\">Antes de se aprofundar nos casos em que o invent\u00e1rio em cart\u00f3rio n\u00e3o \u00e9 cab\u00edvel, \u00e9 importante entender quais s\u00e3o as condi\u00e7\u00f5es que permitem sua realiza\u00e7\u00e3o. Para que o invent\u00e1rio extrajudicial seja adotado, \u00e9 necess\u00e1rio que:<\/p>\n<ul>\n<li aria-level=\"1\">N\u00e3o haja testamento: O invent\u00e1rio extrajudicial s\u00f3 pode ser realizado quando o falecido n\u00e3o deixou um testamento. Isso garante que a partilha siga as regras legais de heran\u00e7a leg\u00edtima, sem a necessidade de valida\u00e7\u00e3o judicial da vontade expressa.<\/li>\n<li aria-level=\"1\">Todos os herdeiros estejam de acordo: A modalidade extrajudicial exige consenso entre todos os benefici\u00e1rios. Quando os herdeiros concordam com a divis\u00e3o dos bens, o processo se torna mais \u00e1gil e menos oneroso.<\/li>\n<li aria-level=\"1\">Capacidade plena dos herdeiros: \u00c9 fundamental que todos os herdeiros tenham capacidade civil plena ou, no caso de menores ou incapazes, que estejam devidamente representados por seus respons\u00e1veis legais.<\/li>\n<li aria-level=\"1\">Documenta\u00e7\u00e3o completa e regularizada: A exist\u00eancia de documentos atualizados e em ordem, como certid\u00f5es, escrituras e registros, \u00e9 indispens\u00e1vel para a formaliza\u00e7\u00e3o do invent\u00e1rio em cart\u00f3rio.<\/li>\n<\/ul>\n<p style=\"text-align: justify;\">Essas condi\u00e7\u00f5es formam a base para que o invent\u00e1rio extrajudicial seja vi\u00e1vel e seguro. Quando alguma delas n\u00e3o \u00e9 atendida, esse m\u00e9todo pode n\u00e3o ser a melhor alternativa para a partilha dos bens.<\/p>\n<h2><span style=\"font-size: 18px; color: #000000;\">Quando o testamento impede o invent\u00e1rio em cart\u00f3rio<\/span><\/h2>\n<p style=\"text-align: justify;\">Um dos principais fatores que impedem o uso do invent\u00e1rio em cart\u00f3rio \u00e9 a exist\u00eancia de um testamento. O testamento \u00e9 um instrumento pelo qual o falecido expressa sua vontade sobre a distribui\u00e7\u00e3o de seus bens.&nbsp;<\/p>\n<p style=\"text-align: justify;\">No entanto, quando h\u00e1 um testamento, a partilha dos bens precisa seguir as disposi\u00e7\u00f5es testament\u00e1rias, o que exige um processo mais detalhado e a interven\u00e7\u00e3o do Poder Judici\u00e1rio para homologa\u00e7\u00e3o.<\/p>\n<h3><span style=\"font-size: 16px; color: #000000;\">Por que o testamento impede o invent\u00e1rio extrajudicial?<\/span><\/h3>\n<p style=\"text-align: justify;\">Quando h\u00e1 testamento, a legisla\u00e7\u00e3o exige que a partilha seja realizada de forma judicial, pois \u00e9 necess\u00e1rio verificar a conformidade das disposi\u00e7\u00f5es testament\u00e1rias com as normas de prote\u00e7\u00e3o aos herdeiros necess\u00e1rios. Esse procedimento envolve uma an\u00e1lise minuciosa dos termos do testamento e pode demandar audi\u00eancias e per\u00edcias para assegurar que os direitos dos herdeiros estejam sendo respeitados.<\/p>\n<p style=\"text-align: justify;\">Al\u00e9m disso, o testamento pode conter cl\u00e1usulas que exigem condi\u00e7\u00f5es especiais para a transfer\u00eancia dos bens, como a indica\u00e7\u00e3o de curadores ou restri\u00e7\u00f5es de uso dos ativos. Esses detalhes demandam um controle judicial mais rigoroso, que n\u00e3o pode ser garantido por meio do invent\u00e1rio em cart\u00f3rio.<\/p>\n<p style=\"text-align: justify;\">Portanto, se o falecido deixou um testamento, a op\u00e7\u00e3o pelo invent\u00e1rio extrajudicial n\u00e3o \u00e9 cab\u00edvel, sendo necess\u00e1rio recorrer ao invent\u00e1rio judicial para validar as disposi\u00e7\u00f5es expressas no documento.<\/p>\n<h2><span style=\"font-size: 18px; color: #000000;\">A import\u00e2ncia da capacidade e do consenso entre os herdeiros<\/span><\/h2>\n<p style=\"text-align: justify;\">Outra condi\u00e7\u00e3o fundamental para a realiza\u00e7\u00e3o do invent\u00e1rio em cart\u00f3rio \u00e9 que todos os herdeiros estejam em plena capacidade e em total acordo quanto \u00e0 partilha dos bens. Situa\u00e7\u00f5es onde h\u00e1 herdeiros incapazes ou diverg\u00eancias significativas podem inviabilizar o uso do procedimento extrajudicial.<\/p>\n<h3><span style=\"font-size: 16px; color: #000000;\">Herdeiros incapazes e a necessidade de representa\u00e7\u00e3o legal<\/span><\/h3>\n<p style=\"text-align: justify;\">O invent\u00e1rio em cart\u00f3rio pressup\u00f5e que todos os herdeiros tenham capacidade civil plena. Quando h\u00e1 menores de idade ou pessoas legalmente incapazes, \u00e9 necess\u00e1rio que esses herdeiros estejam representados por seus respons\u00e1veis legais. Se essa representa\u00e7\u00e3o n\u00e3o estiver devidamente formalizada ou se houver d\u00favidas sobre a capacidade de representar os interesses dos incapazes, o invent\u00e1rio extrajudicial n\u00e3o pode ser utilizado.<\/p>\n<p style=\"text-align: justify;\">A prote\u00e7\u00e3o dos direitos dos incapazes \u00e9 uma prioridade na legisla\u00e7\u00e3o, e a falta de uma representa\u00e7\u00e3o legal adequada impede a ado\u00e7\u00e3o do invent\u00e1rio extrajudicial, que exige que todas as partes estejam habilitadas para participar do processo de forma consciente e legal.<\/p>\n<h3><span style=\"font-size: 16px; color: #000000;\">Consenso entre os herdeiros<\/span><\/h3>\n<p style=\"text-align: justify;\">O consenso entre os herdeiros \u00e9 outro requisito indispens\u00e1vel para o invent\u00e1rio extrajudicial. Quando existe desacordo, mesmo que parcial, sobre a divis\u00e3o dos bens ou a administra\u00e7\u00e3o do patrim\u00f4nio, a solu\u00e7\u00e3o pac\u00edfica e r\u00e1pida do invent\u00e1rio extrajudicial n\u00e3o \u00e9 poss\u00edvel. Nesse caso, a falta de unanimidade for\u00e7a a ado\u00e7\u00e3o de outro procedimento para resolver as diverg\u00eancias.<\/p>\n<p style=\"text-align: justify;\">Embora o desacordo entre herdeiros seja comum em contextos de sucess\u00e3o, o invent\u00e1rio extrajudicial foi concebido para situa\u00e7\u00f5es em que h\u00e1 total acordo entre as partes. Sem esse consenso, o processo deve ser conduzido por meio de m\u00e9todos alternativos que garantam que os direitos de cada herdeiro sejam respeitados de forma adequada.<\/p>\n<h2><span style=\"font-size: 18px; color: #000000;\">Situa\u00e7\u00f5es espec\u00edficas que impedem o invent\u00e1rio em cart\u00f3rio<\/span><\/h2>\n<p style=\"text-align: justify;\">Al\u00e9m das condi\u00e7\u00f5es gerais j\u00e1 mencionadas, existem outras situa\u00e7\u00f5es espec\u00edficas que podem tornar o invent\u00e1rio em cart\u00f3rio invi\u00e1vel. Entre elas, destacam-se:<\/p>\n<h3><span style=\"font-size: 16px; color: #000000;\">Bens com pend\u00eancias legais ou irregularidades<\/span><\/h3>\n<p style=\"text-align: justify;\">Para que o invent\u00e1rio em cart\u00f3rio seja realizado, \u00e9 necess\u00e1rio que os bens a serem partilhados estejam regularizados. Se houver pend\u00eancias legais, como problemas de registro em im\u00f3veis ou d\u00edvidas n\u00e3o quitadas que afetem a situa\u00e7\u00e3o jur\u00eddica dos ativos, o processo extrajudicial pode ser comprometido.&nbsp;<\/p>\n<p style=\"text-align: justify;\">Nesses casos, a regulariza\u00e7\u00e3o dos bens deve ser efetuada previamente, ou, se n\u00e3o for poss\u00edvel, o invent\u00e1rio deve ser conduzido por meio do processo judicial para que todas as irregularidades sejam solucionadas.<\/p>\n<h3><span style=\"font-size: 16px; color: #000000;\">Estrutura patrimonial complexa<\/span><\/h3>\n<p style=\"text-align: justify;\">Quando o patrim\u00f4nio \u00e9 composto por um grande n\u00famero de ativos ou envolve opera\u00e7\u00f5es complexas, a avalia\u00e7\u00e3o e a partilha podem exigir uma an\u00e1lise mais detalhada. Situa\u00e7\u00f5es em que a administra\u00e7\u00e3o dos bens envolve m\u00faltiplas empresas ou ativos dispersos geograficamente podem demandar procedimentos mais elaborados, tornando o invent\u00e1rio extrajudicial inadequado.&nbsp;<\/p>\n<p style=\"text-align: justify;\">Nesses casos, \u00e9 fundamental optar por um m\u00e9todo que permita uma avalia\u00e7\u00e3o minuciosa e a resolu\u00e7\u00e3o de quest\u00f5es complexas, garantindo que a partilha seja feita de forma justa e precisa.<\/p>\n<h3><span style=\"font-size: 16px; color: #000000;\">Mudan\u00e7as na legisla\u00e7\u00e3o e adapta\u00e7\u00f5es necess\u00e1rias<\/span><\/h3>\n<p style=\"text-align: justify;\">O ambiente jur\u00eddico est\u00e1 em constante evolu\u00e7\u00e3o, e altera\u00e7\u00f5es na legisla\u00e7\u00e3o podem impactar a viabilidade do invent\u00e1rio em cart\u00f3rio. Em momentos em que a legisla\u00e7\u00e3o sofre mudan\u00e7as significativas, pode ser necess\u00e1rio adaptar os procedimentos para garantir que o processo seja realizado de acordo com as novas normas. Essa adapta\u00e7\u00e3o pode demandar a reavalia\u00e7\u00e3o dos m\u00e9todos utilizados e, em alguns casos, inviabilizar o uso do invent\u00e1rio extrajudicial at\u00e9 que as novas regras sejam plenamente incorporadas.<\/p>\n<h2><span style=\"font-size: 18px; color: #000000;\">Alternativas quando o invent\u00e1rio em cart\u00f3rio n\u00e3o \u00e9 cab\u00edvel<\/span><\/h2>\n<p style=\"text-align: justify;\">Quando o invent\u00e1rio em cart\u00f3rio n\u00e3o \u00e9 cab\u00edvel, \u00e9 importante que as fam\u00edlias conhe\u00e7am as alternativas dispon\u00edveis para a partilha dos bens. Entre as op\u00e7\u00f5es, podemos destacar:<\/p>\n<h3><span style=\"font-size: 16px; color: #000000;\">Invent\u00e1rio Judicial<\/span><\/h3>\n<p style=\"text-align: justify;\">Embora o foco deste artigo seja o invent\u00e1rio extrajudicial, vale mencionar que o invent\u00e1rio judicial \u00e9 a alternativa para casos em que n\u00e3o se cumprem os requisitos para o procedimento extrajudicial. Quando h\u00e1 testamento, desacordo entre herdeiros ou problemas de representa\u00e7\u00e3o de incapazes, o invent\u00e1rio judicial se torna necess\u00e1rio para assegurar a partilha de forma legal e ordenada. Essa modalidade, apesar de ser mais demorada e onerosa, garante a prote\u00e7\u00e3o dos direitos de todas as partes envolvidas.<\/p>\n<h3><span style=\"font-size: 16px; color: #000000;\">Regulariza\u00e7\u00e3o de Documentos e Ativos<\/span><\/h3>\n<p style=\"text-align: justify;\">Se a inviabilidade do invent\u00e1rio em cart\u00f3rio se deve \u00e0 irregularidade dos bens ou pend\u00eancias legais, uma alternativa \u00e9 a regulariza\u00e7\u00e3o pr\u00e9via dos documentos. Investir na atualiza\u00e7\u00e3o e na corre\u00e7\u00e3o dos registros pode tornar o processo extrajudicial vi\u00e1vel e, al\u00e9m disso, contribuir para a organiza\u00e7\u00e3o e a transpar\u00eancia do patrim\u00f4nio.<\/p>\n<h3><span style=\"font-size: 16px; color: #000000;\">Media\u00e7\u00e3o e Acordo entre Herdeiros<\/span><\/h3>\n<p style=\"text-align: justify;\">Embora o invent\u00e1rio extrajudicial dependa do consenso entre os herdeiros, quando existem diverg\u00eancias, buscar a media\u00e7\u00e3o pode ser uma solu\u00e7\u00e3o para alcan\u00e7ar um acordo. A media\u00e7\u00e3o \u00e9 um m\u00e9todo alternativo que, com o apoio de um mediador, ajuda os herdeiros a resolver suas diferen\u00e7as e a definir as condi\u00e7\u00f5es da partilha. Essa abordagem pode viabilizar a realiza\u00e7\u00e3o do invent\u00e1rio extrajudicial, mesmo em contextos inicialmente adversos.<\/p>\n<p style=\"text-align: justify;\">Para evitar problemas e escolher o procedimento mais adequado, \u00e9 fundamental que os envolvidos busquem assessoria especializada e mantenham a documenta\u00e7\u00e3o sempre atualizada. Investir em um planejamento sucess\u00f3rio bem estruturado \u00e9 a chave para proteger o patrim\u00f4nio e assegurar que os direitos de todos os herdeiros sejam respeitados.<\/p>\n<p style=\"text-align: justify;\">Se voc\u00ea deseja conhecer mais sobre invent\u00e1rio em cart\u00f3rio e solu\u00e7\u00f5es inovadoras e eficientes para a organiza\u00e7\u00e3o do seu patrim\u00f4nio e a realiza\u00e7\u00e3o de invent\u00e1rios extrajudiciais, visite <a href=\"\/\" rel=\"noopener\" target=\"_blank\"><span><\/span><span style=\"color: #1155cc; text-decoration: underline;\">Herdei<\/span><\/a>. A Herdei oferece servi\u00e7os modernos, acess\u00edveis e digitais que simplificam o processo de invent\u00e1rio, garantindo agilidade e seguran\u00e7a para toda a fam\u00edlia.<\/p>\n","protected":false},"excerpt":{"rendered":"<p style=\"text-align: center;\"><strong>NOVO CONTE\u00daDO<\/strong><\/p>\n","protected":false},"author":3,"featured_media":1267,"comment_status":"closed","ping_status":"","sticky":false,"template":"","format":"standard","meta":{"_yoast_wpseo_title":"Invent\u00e1rio em Cart\u00f3rio: Quando n\u00e3o \u00e9 cab\u00edvel?","_yoast_wpseo_metadesc":"Invent\u00e1rio em Cart\u00f3rio: saiba quando n\u00e3o \u00e9 cab\u00edvel e conhe\u00e7a alternativas para a partilha de bens de forma segura e eficiente.","footnotes":""},"categories":[8],"tags":[],"class_list":["post-1268","post","type-post","status-publish","format-standard","has-post-thumbnail","hentry","category-inventario"],"yoast_head":"<!-- This site is optimized with the Yoast SEO plugin v27.4 - https:\/\/yoast.com\/product\/yoast-seo-wordpress\/ -->\n<title>Invent\u00e1rio em Cart\u00f3rio: Quando n\u00e3o \u00e9 cab\u00edvel?<\/title>\n<meta name=\"description\" content=\"Invent\u00e1rio em Cart\u00f3rio: saiba quando n\u00e3o \u00e9 cab\u00edvel e conhe\u00e7a alternativas para a partilha de bens de forma segura e eficiente.\" \/>\n<meta name=\"robots\" content=\"index, follow, max-snippet:-1, max-image-preview:large, max-video-preview:-1\" \/>\n<link rel=\"canonical\" href=\"https:\/\/euherdei.com.br\/blog\/inventario-em-cartorio-quando-nao-e-cabivel\/\" \/>\n<meta property=\"og:locale\" content=\"pt_BR\" \/>\n<meta property=\"og:type\" content=\"article\" \/>\n<meta property=\"og:title\" content=\"Invent\u00e1rio em Cart\u00f3rio: Quando n\u00e3o \u00e9 cab\u00edvel?\" \/>\n<meta property=\"og:description\" content=\"Invent\u00e1rio em Cart\u00f3rio: saiba quando n\u00e3o \u00e9 cab\u00edvel e conhe\u00e7a alternativas para a partilha de bens de forma segura e eficiente.\" \/>\n<meta property=\"og:url\" content=\"https:\/\/euherdei.com.br\/blog\/inventario-em-cartorio-quando-nao-e-cabivel\/\" \/>\n<meta property=\"og:site_name\" content=\"Herdei Blog\" \/>\n<meta property=\"article:publisher\" content=\"https:\/\/m.facebook.com\/euherdei\/\" \/>\n<meta property=\"article:published_time\" content=\"2025-04-17T20:00:00+00:00\" \/>\n<meta property=\"article:modified_time\" content=\"2026-04-27T22:34:32+00:00\" \/>\n<meta property=\"og:image\" content=\"https:\/\/euherdei.com.br\/blog\/wp-content\/uploads\/2026\/04\/imagem_2025-04-02_144207254.webp\" \/>\n\t<meta property=\"og:image:width\" content=\"996\" \/>\n\t<meta property=\"og:image:height\" content=\"662\" \/>\n\t<meta property=\"og:image:type\" content=\"image\/webp\" \/>\n<meta name=\"author\" content=\"Fala Content\" \/>\n<meta name=\"twitter:card\" content=\"summary_large_image\" \/>\n<meta name=\"twitter:creator\" content=\"@euherdei\" \/>\n<meta name=\"twitter:site\" content=\"@euherdei\" \/>\n<meta name=\"twitter:label1\" content=\"Escrito por\" \/>\n\t<meta name=\"twitter:data1\" content=\"Fala Content\" \/>\n\t<meta name=\"twitter:label2\" content=\"Est. tempo de leitura\" \/>\n\t<meta name=\"twitter:data2\" content=\"8 minutos\" \/>\n<script type=\"application\/ld+json\" class=\"yoast-schema-graph\">{\"@context\":\"https:\\\/\\\/schema.org\",\"@graph\":[{\"@type\":\"Article\",\"@id\":\"https:\\\/\\\/euherdei.com.br\\\/blog\\\/inventario-em-cartorio-quando-nao-e-cabivel\\\/#article\",\"isPartOf\":{\"@id\":\"https:\\\/\\\/euherdei.com.br\\\/blog\\\/inventario-em-cartorio-quando-nao-e-cabivel\\\/\"},\"author\":{\"name\":\"Fala Content\",\"@id\":\"https:\\\/\\\/euherdei.com.br\\\/blog\\\/#\\\/schema\\\/person\\\/73e6ab0e66e227e3e7c591fe540838db\"},\"headline\":\"Invent\u00e1rio em Cart\u00f3rio: Quando n\u00e3o \u00e9 cab\u00edvel?\",\"datePublished\":\"2025-04-17T20:00:00+00:00\",\"dateModified\":\"2026-04-27T22:34:32+00:00\",\"mainEntityOfPage\":{\"@id\":\"https:\\\/\\\/euherdei.com.br\\\/blog\\\/inventario-em-cartorio-quando-nao-e-cabivel\\\/\"},\"wordCount\":1635,\"publisher\":{\"@id\":\"https:\\\/\\\/euherdei.com.br\\\/blog\\\/#organization\"},\"image\":{\"@id\":\"https:\\\/\\\/euherdei.com.br\\\/blog\\\/inventario-em-cartorio-quando-nao-e-cabivel\\\/#primaryimage\"},\"thumbnailUrl\":\"https:\\\/\\\/euherdei.com.br\\\/blog\\\/wp-content\\\/uploads\\\/2026\\\/04\\\/imagem_2025-04-02_144207254.webp\",\"articleSection\":[\"Invent\u00e1rio\"],\"inLanguage\":\"pt-BR\"},{\"@type\":\"WebPage\",\"@id\":\"https:\\\/\\\/euherdei.com.br\\\/blog\\\/inventario-em-cartorio-quando-nao-e-cabivel\\\/\",\"url\":\"https:\\\/\\\/euherdei.com.br\\\/blog\\\/inventario-em-cartorio-quando-nao-e-cabivel\\\/\",\"name\":\"Invent\u00e1rio em Cart\u00f3rio: Quando n\u00e3o \u00e9 cab\u00edvel?\",\"isPartOf\":{\"@id\":\"https:\\\/\\\/euherdei.com.br\\\/blog\\\/#website\"},\"primaryImageOfPage\":{\"@id\":\"https:\\\/\\\/euherdei.com.br\\\/blog\\\/inventario-em-cartorio-quando-nao-e-cabivel\\\/#primaryimage\"},\"image\":{\"@id\":\"https:\\\/\\\/euherdei.com.br\\\/blog\\\/inventario-em-cartorio-quando-nao-e-cabivel\\\/#primaryimage\"},\"thumbnailUrl\":\"https:\\\/\\\/euherdei.com.br\\\/blog\\\/wp-content\\\/uploads\\\/2026\\\/04\\\/imagem_2025-04-02_144207254.webp\",\"datePublished\":\"2025-04-17T20:00:00+00:00\",\"dateModified\":\"2026-04-27T22:34:32+00:00\",\"description\":\"Invent\u00e1rio em Cart\u00f3rio: saiba quando n\u00e3o \u00e9 cab\u00edvel e conhe\u00e7a alternativas para a partilha de bens de forma segura e eficiente.\",\"breadcrumb\":{\"@id\":\"https:\\\/\\\/euherdei.com.br\\\/blog\\\/inventario-em-cartorio-quando-nao-e-cabivel\\\/#breadcrumb\"},\"inLanguage\":\"pt-BR\",\"potentialAction\":[{\"@type\":\"ReadAction\",\"target\":[\"https:\\\/\\\/euherdei.com.br\\\/blog\\\/inventario-em-cartorio-quando-nao-e-cabivel\\\/\"]}]},{\"@type\":\"ImageObject\",\"inLanguage\":\"pt-BR\",\"@id\":\"https:\\\/\\\/euherdei.com.br\\\/blog\\\/inventario-em-cartorio-quando-nao-e-cabivel\\\/#primaryimage\",\"url\":\"https:\\\/\\\/euherdei.com.br\\\/blog\\\/wp-content\\\/uploads\\\/2026\\\/04\\\/imagem_2025-04-02_144207254.webp\",\"contentUrl\":\"https:\\\/\\\/euherdei.com.br\\\/blog\\\/wp-content\\\/uploads\\\/2026\\\/04\\\/imagem_2025-04-02_144207254.webp\",\"width\":996,\"height\":662,\"caption\":\"Invent\u00e1rio em cart\u00f3rio: Saiba quando n\u00e3o \u00e9 cab\u00edvel | Foto: Freepik.\"},{\"@type\":\"BreadcrumbList\",\"@id\":\"https:\\\/\\\/euherdei.com.br\\\/blog\\\/inventario-em-cartorio-quando-nao-e-cabivel\\\/#breadcrumb\",\"itemListElement\":[{\"@type\":\"ListItem\",\"position\":1,\"name\":\"In\u00edcio\",\"item\":\"https:\\\/\\\/euherdei.com.br\\\/blog\\\/\"},{\"@type\":\"ListItem\",\"position\":2,\"name\":\"Invent\u00e1rio em Cart\u00f3rio: Quando n\u00e3o \u00e9 cab\u00edvel?\"}]},{\"@type\":\"WebSite\",\"@id\":\"https:\\\/\\\/euherdei.com.br\\\/blog\\\/#website\",\"url\":\"https:\\\/\\\/euherdei.com.br\\\/blog\\\/\",\"name\":\"Herdei\",\"description\":\"Conhecimento pr\u00e1tico sobre planejamento sucess\u00f3rio, holding familiar e invent\u00e1rio extrajudicial.\",\"publisher\":{\"@id\":\"https:\\\/\\\/euherdei.com.br\\\/blog\\\/#organization\"},\"potentialAction\":[{\"@type\":\"SearchAction\",\"target\":{\"@type\":\"EntryPoint\",\"urlTemplate\":\"https:\\\/\\\/euherdei.com.br\\\/blog\\\/?s={search_term_string}\"},\"query-input\":{\"@type\":\"PropertyValueSpecification\",\"valueRequired\":true,\"valueName\":\"search_term_string\"}}],\"inLanguage\":\"pt-BR\"},{\"@type\":\"Organization\",\"@id\":\"https:\\\/\\\/euherdei.com.br\\\/blog\\\/#organization\",\"name\":\"Herdei\",\"url\":\"https:\\\/\\\/euherdei.com.br\\\/blog\\\/\",\"logo\":{\"@type\":\"ImageObject\",\"inLanguage\":\"pt-BR\",\"@id\":\"https:\\\/\\\/euherdei.com.br\\\/blog\\\/#\\\/schema\\\/logo\\\/image\\\/\",\"url\":\"https:\\\/\\\/app.euherdei.com.br\\\/blog\\\/wp-content\\\/uploads\\\/2026\\\/04\\\/herdei-logo.png\",\"contentUrl\":\"https:\\\/\\\/app.euherdei.com.br\\\/blog\\\/wp-content\\\/uploads\\\/2026\\\/04\\\/herdei-logo.png\",\"width\":501,\"height\":501,\"caption\":\"Herdei\"},\"image\":{\"@id\":\"https:\\\/\\\/euherdei.com.br\\\/blog\\\/#\\\/schema\\\/logo\\\/image\\\/\"},\"sameAs\":[\"https:\\\/\\\/m.facebook.com\\\/euherdei\\\/\",\"https:\\\/\\\/x.com\\\/euherdei\",\"https:\\\/\\\/www.instagram.com\\\/euherdei\",\"https:\\\/\\\/br.linkedin.com\\\/company\\\/euherdei\",\"https:\\\/\\\/www.tiktok.com\\\/@euherdei\"]},{\"@type\":\"Person\",\"@id\":\"https:\\\/\\\/euherdei.com.br\\\/blog\\\/#\\\/schema\\\/person\\\/73e6ab0e66e227e3e7c591fe540838db\",\"name\":\"Fala Content\",\"image\":{\"@type\":\"ImageObject\",\"inLanguage\":\"pt-BR\",\"@id\":\"https:\\\/\\\/secure.gravatar.com\\\/avatar\\\/6b4c169de7418e1faa2876d0b46a67b0c10f5fc0e913a708099813e248946504?s=96&d=mm&r=g\",\"url\":\"https:\\\/\\\/secure.gravatar.com\\\/avatar\\\/6b4c169de7418e1faa2876d0b46a67b0c10f5fc0e913a708099813e248946504?s=96&d=mm&r=g\",\"contentUrl\":\"https:\\\/\\\/secure.gravatar.com\\\/avatar\\\/6b4c169de7418e1faa2876d0b46a67b0c10f5fc0e913a708099813e248946504?s=96&d=mm&r=g\",\"caption\":\"Fala Content\"},\"url\":\"https:\\\/\\\/euherdei.com.br\\\/blog\\\/author\\\/fala-content\\\/\"}]}<\/script>\n<!-- \/ Yoast SEO plugin. -->","yoast_head_json":{"title":"Invent\u00e1rio em Cart\u00f3rio: Quando n\u00e3o \u00e9 cab\u00edvel?","description":"Invent\u00e1rio em Cart\u00f3rio: saiba quando n\u00e3o \u00e9 cab\u00edvel e conhe\u00e7a alternativas para a partilha de bens de forma segura e eficiente.","robots":{"index":"index","follow":"follow","max-snippet":"max-snippet:-1","max-image-preview":"max-image-preview:large","max-video-preview":"max-video-preview:-1"},"canonical":"https:\/\/euherdei.com.br\/blog\/inventario-em-cartorio-quando-nao-e-cabivel\/","og_locale":"pt_BR","og_type":"article","og_title":"Invent\u00e1rio em Cart\u00f3rio: Quando n\u00e3o \u00e9 cab\u00edvel?","og_description":"Invent\u00e1rio em Cart\u00f3rio: saiba quando n\u00e3o \u00e9 cab\u00edvel e conhe\u00e7a alternativas para a partilha de bens de forma segura e eficiente.","og_url":"https:\/\/euherdei.com.br\/blog\/inventario-em-cartorio-quando-nao-e-cabivel\/","og_site_name":"Herdei Blog","article_publisher":"https:\/\/m.facebook.com\/euherdei\/","article_published_time":"2025-04-17T20:00:00+00:00","article_modified_time":"2026-04-27T22:34:32+00:00","og_image":[{"width":996,"height":662,"url":"https:\/\/euherdei.com.br\/blog\/wp-content\/uploads\/2026\/04\/imagem_2025-04-02_144207254.webp","type":"image\/webp"}],"author":"Fala Content","twitter_card":"summary_large_image","twitter_creator":"@euherdei","twitter_site":"@euherdei","twitter_misc":{"Escrito por":"Fala Content","Est. tempo de leitura":"8 minutos"},"schema":{"@context":"https:\/\/schema.org","@graph":[{"@type":"Article","@id":"https:\/\/euherdei.com.br\/blog\/inventario-em-cartorio-quando-nao-e-cabivel\/#article","isPartOf":{"@id":"https:\/\/euherdei.com.br\/blog\/inventario-em-cartorio-quando-nao-e-cabivel\/"},"author":{"name":"Fala Content","@id":"https:\/\/euherdei.com.br\/blog\/#\/schema\/person\/73e6ab0e66e227e3e7c591fe540838db"},"headline":"Invent\u00e1rio em Cart\u00f3rio: Quando n\u00e3o \u00e9 cab\u00edvel?","datePublished":"2025-04-17T20:00:00+00:00","dateModified":"2026-04-27T22:34:32+00:00","mainEntityOfPage":{"@id":"https:\/\/euherdei.com.br\/blog\/inventario-em-cartorio-quando-nao-e-cabivel\/"},"wordCount":1635,"publisher":{"@id":"https:\/\/euherdei.com.br\/blog\/#organization"},"image":{"@id":"https:\/\/euherdei.com.br\/blog\/inventario-em-cartorio-quando-nao-e-cabivel\/#primaryimage"},"thumbnailUrl":"https:\/\/euherdei.com.br\/blog\/wp-content\/uploads\/2026\/04\/imagem_2025-04-02_144207254.webp","articleSection":["Invent\u00e1rio"],"inLanguage":"pt-BR"},{"@type":"WebPage","@id":"https:\/\/euherdei.com.br\/blog\/inventario-em-cartorio-quando-nao-e-cabivel\/","url":"https:\/\/euherdei.com.br\/blog\/inventario-em-cartorio-quando-nao-e-cabivel\/","name":"Invent\u00e1rio em Cart\u00f3rio: Quando n\u00e3o \u00e9 cab\u00edvel?","isPartOf":{"@id":"https:\/\/euherdei.com.br\/blog\/#website"},"primaryImageOfPage":{"@id":"https:\/\/euherdei.com.br\/blog\/inventario-em-cartorio-quando-nao-e-cabivel\/#primaryimage"},"image":{"@id":"https:\/\/euherdei.com.br\/blog\/inventario-em-cartorio-quando-nao-e-cabivel\/#primaryimage"},"thumbnailUrl":"https:\/\/euherdei.com.br\/blog\/wp-content\/uploads\/2026\/04\/imagem_2025-04-02_144207254.webp","datePublished":"2025-04-17T20:00:00+00:00","dateModified":"2026-04-27T22:34:32+00:00","description":"Invent\u00e1rio em Cart\u00f3rio: saiba quando n\u00e3o \u00e9 cab\u00edvel e conhe\u00e7a alternativas para a partilha de bens de forma segura e eficiente.","breadcrumb":{"@id":"https:\/\/euherdei.com.br\/blog\/inventario-em-cartorio-quando-nao-e-cabivel\/#breadcrumb"},"inLanguage":"pt-BR","potentialAction":[{"@type":"ReadAction","target":["https:\/\/euherdei.com.br\/blog\/inventario-em-cartorio-quando-nao-e-cabivel\/"]}]},{"@type":"ImageObject","inLanguage":"pt-BR","@id":"https:\/\/euherdei.com.br\/blog\/inventario-em-cartorio-quando-nao-e-cabivel\/#primaryimage","url":"https:\/\/euherdei.com.br\/blog\/wp-content\/uploads\/2026\/04\/imagem_2025-04-02_144207254.webp","contentUrl":"https:\/\/euherdei.com.br\/blog\/wp-content\/uploads\/2026\/04\/imagem_2025-04-02_144207254.webp","width":996,"height":662,"caption":"Invent\u00e1rio em cart\u00f3rio: Saiba quando n\u00e3o \u00e9 cab\u00edvel | Foto: Freepik."},{"@type":"BreadcrumbList","@id":"https:\/\/euherdei.com.br\/blog\/inventario-em-cartorio-quando-nao-e-cabivel\/#breadcrumb","itemListElement":[{"@type":"ListItem","position":1,"name":"In\u00edcio","item":"https:\/\/euherdei.com.br\/blog\/"},{"@type":"ListItem","position":2,"name":"Invent\u00e1rio em Cart\u00f3rio: Quando n\u00e3o \u00e9 cab\u00edvel?"}]},{"@type":"WebSite","@id":"https:\/\/euherdei.com.br\/blog\/#website","url":"https:\/\/euherdei.com.br\/blog\/","name":"Herdei","description":"Conhecimento pr\u00e1tico sobre planejamento sucess\u00f3rio, holding familiar e invent\u00e1rio extrajudicial.","publisher":{"@id":"https:\/\/euherdei.com.br\/blog\/#organization"},"potentialAction":[{"@type":"SearchAction","target":{"@type":"EntryPoint","urlTemplate":"https:\/\/euherdei.com.br\/blog\/?s={search_term_string}"},"query-input":{"@type":"PropertyValueSpecification","valueRequired":true,"valueName":"search_term_string"}}],"inLanguage":"pt-BR"},{"@type":"Organization","@id":"https:\/\/euherdei.com.br\/blog\/#organization","name":"Herdei","url":"https:\/\/euherdei.com.br\/blog\/","logo":{"@type":"ImageObject","inLanguage":"pt-BR","@id":"https:\/\/euherdei.com.br\/blog\/#\/schema\/logo\/image\/","url":"https:\/\/app.euherdei.com.br\/blog\/wp-content\/uploads\/2026\/04\/herdei-logo.png","contentUrl":"https:\/\/app.euherdei.com.br\/blog\/wp-content\/uploads\/2026\/04\/herdei-logo.png","width":501,"height":501,"caption":"Herdei"},"image":{"@id":"https:\/\/euherdei.com.br\/blog\/#\/schema\/logo\/image\/"},"sameAs":["https:\/\/m.facebook.com\/euherdei\/","https:\/\/x.com\/euherdei","https:\/\/www.instagram.com\/euherdei","https:\/\/br.linkedin.com\/company\/euherdei","https:\/\/www.tiktok.com\/@euherdei"]},{"@type":"Person","@id":"https:\/\/euherdei.com.br\/blog\/#\/schema\/person\/73e6ab0e66e227e3e7c591fe540838db","name":"Fala Content","image":{"@type":"ImageObject","inLanguage":"pt-BR","@id":"https:\/\/secure.gravatar.com\/avatar\/6b4c169de7418e1faa2876d0b46a67b0c10f5fc0e913a708099813e248946504?s=96&d=mm&r=g","url":"https:\/\/secure.gravatar.com\/avatar\/6b4c169de7418e1faa2876d0b46a67b0c10f5fc0e913a708099813e248946504?s=96&d=mm&r=g","contentUrl":"https:\/\/secure.gravatar.com\/avatar\/6b4c169de7418e1faa2876d0b46a67b0c10f5fc0e913a708099813e248946504?s=96&d=mm&r=g","caption":"Fala Content"},"url":"https:\/\/euherdei.com.br\/blog\/author\/fala-content\/"}]}},"_links":{"self":[{"href":"https:\/\/euherdei.com.br\/blog\/wp-json\/wp\/v2\/posts\/1268","targetHints":{"allow":["GET"]}}],"collection":[{"href":"https:\/\/euherdei.com.br\/blog\/wp-json\/wp\/v2\/posts"}],"about":[{"href":"https:\/\/euherdei.com.br\/blog\/wp-json\/wp\/v2\/types\/post"}],"author":[{"embeddable":true,"href":"https:\/\/euherdei.com.br\/blog\/wp-json\/wp\/v2\/users\/3"}],"replies":[{"embeddable":true,"href":"https:\/\/euherdei.com.br\/blog\/wp-json\/wp\/v2\/comments?post=1268"}],"version-history":[{"count":1,"href":"https:\/\/euherdei.com.br\/blog\/wp-json\/wp\/v2\/posts\/1268\/revisions"}],"predecessor-version":[{"id":1763,"href":"https:\/\/euherdei.com.br\/blog\/wp-json\/wp\/v2\/posts\/1268\/revisions\/1763"}],"wp:featuredmedia":[{"embeddable":true,"href":"https:\/\/euherdei.com.br\/blog\/wp-json\/wp\/v2\/media\/1267"}],"wp:attachment":[{"href":"https:\/\/euherdei.com.br\/blog\/wp-json\/wp\/v2\/media?parent=1268"}],"wp:term":[{"taxonomy":"category","embeddable":true,"href":"https:\/\/euherdei.com.br\/blog\/wp-json\/wp\/v2\/categories?post=1268"},{"taxonomy":"post_tag","embeddable":true,"href":"https:\/\/euherdei.com.br\/blog\/wp-json\/wp\/v2\/tags?post=1268"}],"curies":[{"name":"wp","href":"https:\/\/api.w.org\/{rel}","templated":true}]}}