{"id":1376,"date":"2026-01-07T07:59:59","date_gmt":"2026-01-07T10:59:59","guid":{"rendered":"https:\/\/app.euherdei.com.br\/blog\/o-titulo-do-seu-post-do-blog-aqui-1767121379261\/"},"modified":"2026-04-27T19:35:29","modified_gmt":"2026-04-27T22:35:29","slug":"o-titulo-do-seu-post-do-blog-aqui-1767121379261","status":"publish","type":"post","link":"https:\/\/euherdei.com.br\/blog\/o-titulo-do-seu-post-do-blog-aqui-1767121379261\/","title":{"rendered":"HERDEIRO MENOR DE IDADE: Como garantir a prote\u00e7\u00e3o legal e financeira da heran\u00e7a para crian\u00e7as e adolescentes"},"content":{"rendered":"<p>A perda de um ente querido \u00e9 um momento de profunda dor e, em meio ao luto, surgem responsabilidades complexas, como o invent\u00e1rio. Quando h\u00e1 um <strong>herdeiro menor de idade<\/strong> envolvido, a preocupa\u00e7\u00e3o se intensifica. Como garantir que os direitos da crian\u00e7a ou adolescente sejam plenamente respeitados? Como administrar o patrim\u00f4nio recebido at\u00e9 que ele atinja a maioridade? Essas s\u00e3o d\u00favidas leg\u00edtimas que exigem cuidado, planejamento e, acima de tudo, conhecimento. Proteger o futuro de quem voc\u00ea ama \u00e9 a prioridade, e entender os mecanismos legais e financeiros para isso \u00e9 o primeiro passo para uma sucess\u00e3o tranquila e segura.<\/p>\n<p><!--more--><\/p>\n<h2><strong><span style=\"font-size: 18px; color: #000000;\">Direitos e prote\u00e7\u00e3o legal para o herdeiro menor de idade<\/span><\/strong><\/h2>\n<p>No Brasil, a legisla\u00e7\u00e3o \u00e9 robusta quando se trata da <strong>prote\u00e7\u00e3o de menores<\/strong> em processos de heran\u00e7a. Crian\u00e7as e adolescentes s\u00e3o considerados &#8220;herdeiros necess\u00e1rios&#8221;, o que significa que eles t\u00eam direito a uma parte leg\u00edtima da heran\u00e7a (no m\u00ednimo 50% dos bens), que n\u00e3o pode ser retirada deles, mesmo que essa seja a vontade expressa em testamento.<\/p>\n<p>Para garantir que seus interesses sejam preservados durante todo o processo de invent\u00e1rio, a lei estabelece mecanismos de controle e representa\u00e7\u00e3o.<\/p>\n<h3><strong><span style=\"font-size: 14px; color: #000000;\">A representa\u00e7\u00e3o legal<\/span><\/strong><\/h3>\n<p>Um menor de idade n\u00e3o pode assinar documentos ou tomar decis\u00f5es legais por si s\u00f3. Por isso, ele deve ser representado. Geralmente, essa fun\u00e7\u00e3o \u00e9 exercida pelo genitor sobrevivente. Na aus\u00eancia de ambos os pais, a justi\u00e7a nomear\u00e1 um tutor, que ser\u00e1 o respons\u00e1vel legal pela crian\u00e7a ou adolescente e pela administra\u00e7\u00e3o de seus bens.<\/p>\n<h3><strong><span style=\"font-size: 14px; color: #000000;\">A fiscaliza\u00e7\u00e3o do Minist\u00e9rio P\u00fablico<\/span><\/strong><\/h3>\n<p>Um dos pilares da prote\u00e7\u00e3o ao menor no processo de invent\u00e1rio \u00e9 a atua\u00e7\u00e3o obrigat\u00f3ria do Minist\u00e9rio P\u00fablico (MP). O promotor de justi\u00e7a atua como um fiscal da lei, analisando cada etapa do processo para assegurar que os direitos e o patrim\u00f4nio do menor n\u00e3o sejam prejudicados. Qualquer ato que possa lesar o herdeiro, como a venda de um im\u00f3vel por um pre\u00e7o abaixo do mercado, ser\u00e1 barrado pelo MP. Essa supervis\u00e3o extra traz uma camada adicional de seguran\u00e7a para a fam\u00edlia.<\/p>\n<h2><strong><span style=\"font-size: 18px; color: #000000;\">Administra\u00e7\u00e3o da heran\u00e7a de um herdeiro menor de idade<\/span><\/strong><\/h2>\n<p>Ap\u00f3s a conclus\u00e3o do invent\u00e1rio e a partilha dos bens, o patrim\u00f4nio que coube ao menor de idade passa a ser administrado por seu representante legal (pai, m\u00e3e ou tutor). Contudo, essa administra\u00e7\u00e3o n\u00e3o \u00e9 livre e irrestrita; ela possui regras claras para proteger o patrim\u00f4nio.<\/p>\n<p>O administrador tem o dever de zelar pelos bens, buscando sua conserva\u00e7\u00e3o e, se poss\u00edvel, sua valoriza\u00e7\u00e3o. O objetivo \u00e9 que o patrim\u00f4nio seja entregue ao herdeiro de forma \u00edntegra quando ele completar 18 anos. Todas as despesas com o sustento, a sa\u00fade e a educa\u00e7\u00e3o do menor podem ser custeadas com os rendimentos gerados por esses bens, como alugu\u00e9is ou juros de aplica\u00e7\u00f5es financeiras.<\/p>\n<p>No entanto, para vender ou onerar bens im\u00f3veis que perten\u00e7am ao menor (como vender uma casa ou um apartamento), o representante legal precisa de uma autoriza\u00e7\u00e3o judicial espec\u00edfica, chamada de &#8220;Alvar\u00e1 Judicial&#8221;. Para obt\u00ea-la, \u00e9 necess\u00e1rio comprovar ao juiz que a venda \u00e9 vantajosa e atende ao melhor interesse do menor. Novamente, o Minist\u00e9rio P\u00fablico participar\u00e1 desse processo, emitindo um parecer para garantir a lisura da transa\u00e7\u00e3o.<\/p>\n<p><img decoding=\"async\" src=\"https:\/\/44906606.fs1.hubspotusercontent-na1.net\/hubfs\/44906606\/planejamento-sucess%C3%B3rio-para-o-herdeiro-menor-de-idade.webp\" width=\"693\" height=\"462\" loading=\"lazy\" alt=\"planejamento-sucess\u00f3rio-para-o-herdeiro-menor-de-idade\" style=\"height: auto; max-width: 100%; width: 693px; margin-left: auto; margin-right: auto; display: block;\"><\/p>\n<h2 style=\"font-weight: normal; text-align: center;\"><span style=\"font-size: 18px; color: #000000;\"><span style=\"font-size: 12px;\">&nbsp;Entenda mais sobre o planejamento sucess\u00f3rio para o herdeiro menor de idade \/ Foto: Freepik.<\/span><\/span><\/h2>\n<h2><strong><span style=\"font-size: 18px; color: #000000;\">Planejamento sucess\u00f3rio para o herdeiro menor de idade<\/span><\/strong><\/h2>\n<p>Pensar no futuro \u00e9 um ato de amor e responsabilidade. O planejamento sucess\u00f3rio \u00e9 a melhor ferramenta para organizar a transmiss\u00e3o do seu patrim\u00f4nio de forma consciente, evitando burocracias e, principalmente, garantindo a seguran\u00e7a de um filho menor. Ao contr\u00e1rio de esperar que um evento inesperado aconte\u00e7a, voc\u00ea pode tomar decis\u00f5es em vida para proteger o futuro dele.<\/p>\n<h3><strong><span style=\"font-size: 14px; color: #000000;\">A import\u00e2ncia do Testamento<\/span><\/strong><\/h3>\n<p>O testamento \u00e9 um instrumento poderoso. Por meio dele, \u00e9 poss\u00edvel ir al\u00e9m da simples partilha de bens. Voc\u00ea pode, por exemplo, indicar uma pessoa de sua inteira confian\u00e7a para ser o tutor do seu filho, caso voc\u00ea e o outro genitor venham a faltar.<\/p>\n<p>Al\u00e9m disso, \u00e9 poss\u00edvel gravar os bens que ser\u00e3o destinados ao menor com cl\u00e1usulas protetivas, como:<\/p>\n<ul>\n<li aria-level=\"1\"><strong>Cl\u00e1usula de Inalienabilidade:<\/strong> impede que o bem seja vendido at\u00e9 que o herdeiro atinja a maioridade ou por um prazo determinado, garantindo que o patrim\u00f4nio essencial (como o im\u00f3vel onde mora) seja preservado.<\/li>\n<li aria-level=\"1\"><strong>Cl\u00e1usula de Impenhorabilidade:<\/strong> protege o bem contra futuras d\u00edvidas que o herdeiro possa contrair.<\/li>\n<li aria-level=\"1\"><strong>Cl\u00e1usula de Incomunicabilidade:<\/strong> assegura que o bem herdado n\u00e3o se comunique com o patrim\u00f4nio do c\u00f4njuge em um futuro casamento ou uni\u00e3o est\u00e1vel.<\/li>\n<\/ul>\n<h2><strong><span style=\"font-size: 18px; color: #000000;\">Como proteger o futuro financeiro do herdeiro menor de idade<\/span><\/strong><\/h2>\n<p>Al\u00e9m da prote\u00e7\u00e3o legal, \u00e9 fundamental pensar na sa\u00fade financeira do patrim\u00f4nio herdado. A simples posse de bens n\u00e3o garante um futuro tranquilo se n\u00e3o houver uma gest\u00e3o eficiente.<\/p>\n<p>A primeira medida \u00e9 converter ativos de baixa liquidez ou de dif\u00edcil administra\u00e7\u00e3o (como m\u00faltiplos im\u00f3veis pequenos) em recursos financeiros que possam ser investidos de forma inteligente. Com o devido Alvar\u00e1 Judicial, quando necess\u00e1rio, \u00e9 poss\u00edvel vender esses bens e aplicar o dinheiro em um portf\u00f3lio de investimentos diversificado.<\/p>\n<p>O ideal \u00e9 criar uma carteira de investimentos com foco no longo prazo, priorizando a seguran\u00e7a e o crescimento gradual do capital. Produtos como t\u00edtulos do Tesouro Direto, fundos de investimento conservadores e previd\u00eancia privada podem ser excelentes op\u00e7\u00f5es para garantir que o patrim\u00f4nio n\u00e3o apenas se mantenha, mas cres\u00e7a at\u00e9 que o herdeiro atinja a maioridade.<\/p>\n<p>Contar com assessoria profissional, tanto jur\u00eddica quanto financeira, \u00e9 essencial para tomar as melhores decis\u00f5es, garantindo que cada passo seja dado em conformidade com a lei e alinhado aos melhores interesses da crian\u00e7a ou do adolescente.<\/p>\n<p>Lidar com um invent\u00e1rio envolvendo um herdeiro menor de idade exige sensibilidade e conhecimento t\u00e9cnico. A boa not\u00edcia \u00e9 que voc\u00ea n\u00e3o precisa passar por isso sozinho. A Herdei oferece uma solu\u00e7\u00e3o completa que simplifica todo o processo, conectando voc\u00ea a advogados especialistas e organizando toda a burocracia de forma 100% digital.<\/p>\n<p>Se voc\u00ea busca orienta\u00e7\u00e3o especializada para o processo de invent\u00e1rio com um herdeiro menor de idade, fale com a Herdei e descubra como podemos tornar essa jornada mais segura e tranquila para sua fam\u00edlia. <a href=\"https:\/\/euherdei.com.br\/\" style=\"color: #0000ee;\"><span>Acesse nosso site e saiba mais!<\/span><\/a><\/p>\n","protected":false},"excerpt":{"rendered":"<p>A perda de um ente querido \u00e9 um momento de profunda dor e, em meio ao luto, surgem responsabilidades complexas, como o invent\u00e1rio. Quando h\u00e1 um <strong>herdeiro menor de idade<\/strong> envolvido, a preocupa\u00e7\u00e3o se intensifica. Como garantir que os direitos da crian\u00e7a ou adolescente sejam plenamente respeitados? Como administrar o patrim\u00f4nio recebido at\u00e9 que ele atinja a maioridade? Essas s\u00e3o d\u00favidas leg\u00edtimas que exigem cuidado, planejamento e, acima de tudo, conhecimento. Proteger o futuro de quem voc\u00ea ama \u00e9 a prioridade, e entender os mecanismos legais e financeiros para isso \u00e9 o primeiro passo para uma sucess\u00e3o tranquila e segura.<\/p>\n","protected":false},"author":3,"featured_media":1375,"comment_status":"closed","ping_status":"","sticky":false,"template":"","format":"standard","meta":{"_yoast_wpseo_title":"HERDEIRO MENOR DE IDADE: Como garantir a prote\u00e7\u00e3o legal e financeira da heran\u00e7a para crian\u00e7as e adolescentes","_yoast_wpseo_metadesc":"Um herdeiro menor de idade precisa de prote\u00e7\u00e3o especial. Entenda como garantir os direitos e o futuro financeiro de crian\u00e7as e adolescentes na heran\u00e7a.","footnotes":""},"categories":[95,107],"tags":[],"class_list":["post-1376","post","type-post","status-publish","format-standard","has-post-thumbnail","hentry","category-herdeiro","category-herdeiro-menor-de-idade"],"yoast_head":"<!-- This site is optimized with the Yoast SEO plugin v27.4 - https:\/\/yoast.com\/product\/yoast-seo-wordpress\/ -->\n<title>HERDEIRO MENOR DE IDADE: Como garantir a prote\u00e7\u00e3o legal e financeira da heran\u00e7a para crian\u00e7as e adolescentes<\/title>\n<meta name=\"description\" content=\"Um herdeiro menor de idade precisa de prote\u00e7\u00e3o especial. Entenda como garantir os direitos e o futuro financeiro de crian\u00e7as e adolescentes na heran\u00e7a.\" \/>\n<meta name=\"robots\" content=\"index, follow, max-snippet:-1, max-image-preview:large, max-video-preview:-1\" \/>\n<link rel=\"canonical\" href=\"https:\/\/euherdei.com.br\/blog\/o-titulo-do-seu-post-do-blog-aqui-1767121379261\/\" \/>\n<meta property=\"og:locale\" content=\"pt_BR\" \/>\n<meta property=\"og:type\" content=\"article\" \/>\n<meta property=\"og:title\" content=\"HERDEIRO MENOR DE IDADE: Como garantir a prote\u00e7\u00e3o legal e financeira da heran\u00e7a para crian\u00e7as e adolescentes\" \/>\n<meta property=\"og:description\" content=\"Um herdeiro menor de idade precisa de prote\u00e7\u00e3o especial. Entenda como garantir os direitos e o futuro financeiro de crian\u00e7as e adolescentes na heran\u00e7a.\" \/>\n<meta property=\"og:url\" content=\"https:\/\/euherdei.com.br\/blog\/o-titulo-do-seu-post-do-blog-aqui-1767121379261\/\" \/>\n<meta property=\"og:site_name\" content=\"Herdei Blog\" \/>\n<meta property=\"article:publisher\" content=\"https:\/\/m.facebook.com\/euherdei\/\" \/>\n<meta property=\"article:published_time\" content=\"2026-01-07T10:59:59+00:00\" \/>\n<meta property=\"article:modified_time\" content=\"2026-04-27T22:35:29+00:00\" \/>\n<meta property=\"og:image\" content=\"https:\/\/euherdei.com.br\/blog\/wp-content\/uploads\/2026\/04\/HERDEIRO-MENOR-DE-IDADE-como-garantir-a-proteC3A7C3A3o-legal-e-financeira-da-heranC3A7a-para-crianC3A7as-e-adolescentes-scaled.webp\" \/>\n\t<meta property=\"og:image:width\" content=\"2560\" \/>\n\t<meta property=\"og:image:height\" content=\"1629\" \/>\n\t<meta property=\"og:image:type\" content=\"image\/webp\" \/>\n<meta name=\"author\" content=\"Fala Content\" \/>\n<meta name=\"twitter:card\" content=\"summary_large_image\" \/>\n<meta name=\"twitter:creator\" content=\"@euherdei\" \/>\n<meta name=\"twitter:site\" content=\"@euherdei\" \/>\n<meta name=\"twitter:label1\" content=\"Escrito por\" \/>\n\t<meta name=\"twitter:data1\" content=\"Fala Content\" \/>\n\t<meta name=\"twitter:label2\" content=\"Est. tempo de leitura\" \/>\n\t<meta name=\"twitter:data2\" content=\"6 minutos\" \/>\n<script type=\"application\/ld+json\" class=\"yoast-schema-graph\">{\"@context\":\"https:\\\/\\\/schema.org\",\"@graph\":[{\"@type\":\"Article\",\"@id\":\"https:\\\/\\\/euherdei.com.br\\\/blog\\\/o-titulo-do-seu-post-do-blog-aqui-1767121379261\\\/#article\",\"isPartOf\":{\"@id\":\"https:\\\/\\\/euherdei.com.br\\\/blog\\\/o-titulo-do-seu-post-do-blog-aqui-1767121379261\\\/\"},\"author\":{\"name\":\"Fala Content\",\"@id\":\"https:\\\/\\\/euherdei.com.br\\\/blog\\\/#\\\/schema\\\/person\\\/73e6ab0e66e227e3e7c591fe540838db\"},\"headline\":\"HERDEIRO MENOR DE IDADE: Como garantir a prote\u00e7\u00e3o legal e financeira da heran\u00e7a para crian\u00e7as e adolescentes\",\"datePublished\":\"2026-01-07T10:59:59+00:00\",\"dateModified\":\"2026-04-27T22:35:29+00:00\",\"mainEntityOfPage\":{\"@id\":\"https:\\\/\\\/euherdei.com.br\\\/blog\\\/o-titulo-do-seu-post-do-blog-aqui-1767121379261\\\/\"},\"wordCount\":1140,\"publisher\":{\"@id\":\"https:\\\/\\\/euherdei.com.br\\\/blog\\\/#organization\"},\"image\":{\"@id\":\"https:\\\/\\\/euherdei.com.br\\\/blog\\\/o-titulo-do-seu-post-do-blog-aqui-1767121379261\\\/#primaryimage\"},\"thumbnailUrl\":\"https:\\\/\\\/euherdei.com.br\\\/blog\\\/wp-content\\\/uploads\\\/2026\\\/04\\\/HERDEIRO-MENOR-DE-IDADE-como-garantir-a-proteC3A7C3A3o-legal-e-financeira-da-heranC3A7a-para-crianC3A7as-e-adolescentes-scaled.webp\",\"articleSection\":[\"Herdeiro\",\"herdeiro menor de idade\"],\"inLanguage\":\"pt-BR\"},{\"@type\":\"WebPage\",\"@id\":\"https:\\\/\\\/euherdei.com.br\\\/blog\\\/o-titulo-do-seu-post-do-blog-aqui-1767121379261\\\/\",\"url\":\"https:\\\/\\\/euherdei.com.br\\\/blog\\\/o-titulo-do-seu-post-do-blog-aqui-1767121379261\\\/\",\"name\":\"HERDEIRO MENOR DE IDADE: Como garantir a prote\u00e7\u00e3o legal e financeira da heran\u00e7a para crian\u00e7as e adolescentes\",\"isPartOf\":{\"@id\":\"https:\\\/\\\/euherdei.com.br\\\/blog\\\/#website\"},\"primaryImageOfPage\":{\"@id\":\"https:\\\/\\\/euherdei.com.br\\\/blog\\\/o-titulo-do-seu-post-do-blog-aqui-1767121379261\\\/#primaryimage\"},\"image\":{\"@id\":\"https:\\\/\\\/euherdei.com.br\\\/blog\\\/o-titulo-do-seu-post-do-blog-aqui-1767121379261\\\/#primaryimage\"},\"thumbnailUrl\":\"https:\\\/\\\/euherdei.com.br\\\/blog\\\/wp-content\\\/uploads\\\/2026\\\/04\\\/HERDEIRO-MENOR-DE-IDADE-como-garantir-a-proteC3A7C3A3o-legal-e-financeira-da-heranC3A7a-para-crianC3A7as-e-adolescentes-scaled.webp\",\"datePublished\":\"2026-01-07T10:59:59+00:00\",\"dateModified\":\"2026-04-27T22:35:29+00:00\",\"description\":\"Um herdeiro menor de idade precisa de prote\u00e7\u00e3o especial. Entenda como garantir os direitos e o futuro financeiro de crian\u00e7as e adolescentes na heran\u00e7a.\",\"breadcrumb\":{\"@id\":\"https:\\\/\\\/euherdei.com.br\\\/blog\\\/o-titulo-do-seu-post-do-blog-aqui-1767121379261\\\/#breadcrumb\"},\"inLanguage\":\"pt-BR\",\"potentialAction\":[{\"@type\":\"ReadAction\",\"target\":[\"https:\\\/\\\/euherdei.com.br\\\/blog\\\/o-titulo-do-seu-post-do-blog-aqui-1767121379261\\\/\"]}]},{\"@type\":\"ImageObject\",\"inLanguage\":\"pt-BR\",\"@id\":\"https:\\\/\\\/euherdei.com.br\\\/blog\\\/o-titulo-do-seu-post-do-blog-aqui-1767121379261\\\/#primaryimage\",\"url\":\"https:\\\/\\\/euherdei.com.br\\\/blog\\\/wp-content\\\/uploads\\\/2026\\\/04\\\/HERDEIRO-MENOR-DE-IDADE-como-garantir-a-proteC3A7C3A3o-legal-e-financeira-da-heranC3A7a-para-crianC3A7as-e-adolescentes-scaled.webp\",\"contentUrl\":\"https:\\\/\\\/euherdei.com.br\\\/blog\\\/wp-content\\\/uploads\\\/2026\\\/04\\\/HERDEIRO-MENOR-DE-IDADE-como-garantir-a-proteC3A7C3A3o-legal-e-financeira-da-heranC3A7a-para-crianC3A7as-e-adolescentes-scaled.webp\",\"width\":2560,\"height\":1629,\"caption\":\"HERDEIRO-MENOR-DE-IDADE-como-garantir-a-prote\u00e7\u00e3o-legal-e-financeira-da-heran\u00e7a-para-crian\u00e7as-e-adolescentes\"},{\"@type\":\"BreadcrumbList\",\"@id\":\"https:\\\/\\\/euherdei.com.br\\\/blog\\\/o-titulo-do-seu-post-do-blog-aqui-1767121379261\\\/#breadcrumb\",\"itemListElement\":[{\"@type\":\"ListItem\",\"position\":1,\"name\":\"In\u00edcio\",\"item\":\"https:\\\/\\\/euherdei.com.br\\\/blog\\\/\"},{\"@type\":\"ListItem\",\"position\":2,\"name\":\"HERDEIRO MENOR DE IDADE: Como garantir a prote\u00e7\u00e3o legal e financeira da heran\u00e7a para crian\u00e7as e adolescentes\"}]},{\"@type\":\"WebSite\",\"@id\":\"https:\\\/\\\/euherdei.com.br\\\/blog\\\/#website\",\"url\":\"https:\\\/\\\/euherdei.com.br\\\/blog\\\/\",\"name\":\"Herdei\",\"description\":\"Conhecimento pr\u00e1tico sobre planejamento sucess\u00f3rio, holding familiar e invent\u00e1rio extrajudicial.\",\"publisher\":{\"@id\":\"https:\\\/\\\/euherdei.com.br\\\/blog\\\/#organization\"},\"potentialAction\":[{\"@type\":\"SearchAction\",\"target\":{\"@type\":\"EntryPoint\",\"urlTemplate\":\"https:\\\/\\\/euherdei.com.br\\\/blog\\\/?s={search_term_string}\"},\"query-input\":{\"@type\":\"PropertyValueSpecification\",\"valueRequired\":true,\"valueName\":\"search_term_string\"}}],\"inLanguage\":\"pt-BR\"},{\"@type\":\"Organization\",\"@id\":\"https:\\\/\\\/euherdei.com.br\\\/blog\\\/#organization\",\"name\":\"Herdei\",\"url\":\"https:\\\/\\\/euherdei.com.br\\\/blog\\\/\",\"logo\":{\"@type\":\"ImageObject\",\"inLanguage\":\"pt-BR\",\"@id\":\"https:\\\/\\\/euherdei.com.br\\\/blog\\\/#\\\/schema\\\/logo\\\/image\\\/\",\"url\":\"https:\\\/\\\/app.euherdei.com.br\\\/blog\\\/wp-content\\\/uploads\\\/2026\\\/04\\\/herdei-logo.png\",\"contentUrl\":\"https:\\\/\\\/app.euherdei.com.br\\\/blog\\\/wp-content\\\/uploads\\\/2026\\\/04\\\/herdei-logo.png\",\"width\":501,\"height\":501,\"caption\":\"Herdei\"},\"image\":{\"@id\":\"https:\\\/\\\/euherdei.com.br\\\/blog\\\/#\\\/schema\\\/logo\\\/image\\\/\"},\"sameAs\":[\"https:\\\/\\\/m.facebook.com\\\/euherdei\\\/\",\"https:\\\/\\\/x.com\\\/euherdei\",\"https:\\\/\\\/www.instagram.com\\\/euherdei\",\"https:\\\/\\\/br.linkedin.com\\\/company\\\/euherdei\",\"https:\\\/\\\/www.tiktok.com\\\/@euherdei\"]},{\"@type\":\"Person\",\"@id\":\"https:\\\/\\\/euherdei.com.br\\\/blog\\\/#\\\/schema\\\/person\\\/73e6ab0e66e227e3e7c591fe540838db\",\"name\":\"Fala Content\",\"image\":{\"@type\":\"ImageObject\",\"inLanguage\":\"pt-BR\",\"@id\":\"https:\\\/\\\/secure.gravatar.com\\\/avatar\\\/6b4c169de7418e1faa2876d0b46a67b0c10f5fc0e913a708099813e248946504?s=96&d=mm&r=g\",\"url\":\"https:\\\/\\\/secure.gravatar.com\\\/avatar\\\/6b4c169de7418e1faa2876d0b46a67b0c10f5fc0e913a708099813e248946504?s=96&d=mm&r=g\",\"contentUrl\":\"https:\\\/\\\/secure.gravatar.com\\\/avatar\\\/6b4c169de7418e1faa2876d0b46a67b0c10f5fc0e913a708099813e248946504?s=96&d=mm&r=g\",\"caption\":\"Fala Content\"},\"url\":\"https:\\\/\\\/euherdei.com.br\\\/blog\\\/author\\\/fala-content\\\/\"}]}<\/script>\n<!-- \/ Yoast SEO plugin. -->","yoast_head_json":{"title":"HERDEIRO MENOR DE IDADE: Como garantir a prote\u00e7\u00e3o legal e financeira da heran\u00e7a para crian\u00e7as e adolescentes","description":"Um herdeiro menor de idade precisa de prote\u00e7\u00e3o especial. Entenda como garantir os direitos e o futuro financeiro de crian\u00e7as e adolescentes na heran\u00e7a.","robots":{"index":"index","follow":"follow","max-snippet":"max-snippet:-1","max-image-preview":"max-image-preview:large","max-video-preview":"max-video-preview:-1"},"canonical":"https:\/\/euherdei.com.br\/blog\/o-titulo-do-seu-post-do-blog-aqui-1767121379261\/","og_locale":"pt_BR","og_type":"article","og_title":"HERDEIRO MENOR DE IDADE: Como garantir a prote\u00e7\u00e3o legal e financeira da heran\u00e7a para crian\u00e7as e adolescentes","og_description":"Um herdeiro menor de idade precisa de prote\u00e7\u00e3o especial. Entenda como garantir os direitos e o futuro financeiro de crian\u00e7as e adolescentes na heran\u00e7a.","og_url":"https:\/\/euherdei.com.br\/blog\/o-titulo-do-seu-post-do-blog-aqui-1767121379261\/","og_site_name":"Herdei Blog","article_publisher":"https:\/\/m.facebook.com\/euherdei\/","article_published_time":"2026-01-07T10:59:59+00:00","article_modified_time":"2026-04-27T22:35:29+00:00","og_image":[{"width":2560,"height":1629,"url":"https:\/\/euherdei.com.br\/blog\/wp-content\/uploads\/2026\/04\/HERDEIRO-MENOR-DE-IDADE-como-garantir-a-proteC3A7C3A3o-legal-e-financeira-da-heranC3A7a-para-crianC3A7as-e-adolescentes-scaled.webp","type":"image\/webp"}],"author":"Fala Content","twitter_card":"summary_large_image","twitter_creator":"@euherdei","twitter_site":"@euherdei","twitter_misc":{"Escrito por":"Fala Content","Est. tempo de leitura":"6 minutos"},"schema":{"@context":"https:\/\/schema.org","@graph":[{"@type":"Article","@id":"https:\/\/euherdei.com.br\/blog\/o-titulo-do-seu-post-do-blog-aqui-1767121379261\/#article","isPartOf":{"@id":"https:\/\/euherdei.com.br\/blog\/o-titulo-do-seu-post-do-blog-aqui-1767121379261\/"},"author":{"name":"Fala Content","@id":"https:\/\/euherdei.com.br\/blog\/#\/schema\/person\/73e6ab0e66e227e3e7c591fe540838db"},"headline":"HERDEIRO MENOR DE IDADE: Como garantir a prote\u00e7\u00e3o legal e financeira da heran\u00e7a para crian\u00e7as e adolescentes","datePublished":"2026-01-07T10:59:59+00:00","dateModified":"2026-04-27T22:35:29+00:00","mainEntityOfPage":{"@id":"https:\/\/euherdei.com.br\/blog\/o-titulo-do-seu-post-do-blog-aqui-1767121379261\/"},"wordCount":1140,"publisher":{"@id":"https:\/\/euherdei.com.br\/blog\/#organization"},"image":{"@id":"https:\/\/euherdei.com.br\/blog\/o-titulo-do-seu-post-do-blog-aqui-1767121379261\/#primaryimage"},"thumbnailUrl":"https:\/\/euherdei.com.br\/blog\/wp-content\/uploads\/2026\/04\/HERDEIRO-MENOR-DE-IDADE-como-garantir-a-proteC3A7C3A3o-legal-e-financeira-da-heranC3A7a-para-crianC3A7as-e-adolescentes-scaled.webp","articleSection":["Herdeiro","herdeiro menor de idade"],"inLanguage":"pt-BR"},{"@type":"WebPage","@id":"https:\/\/euherdei.com.br\/blog\/o-titulo-do-seu-post-do-blog-aqui-1767121379261\/","url":"https:\/\/euherdei.com.br\/blog\/o-titulo-do-seu-post-do-blog-aqui-1767121379261\/","name":"HERDEIRO MENOR DE IDADE: Como garantir a prote\u00e7\u00e3o legal e financeira da heran\u00e7a para crian\u00e7as e adolescentes","isPartOf":{"@id":"https:\/\/euherdei.com.br\/blog\/#website"},"primaryImageOfPage":{"@id":"https:\/\/euherdei.com.br\/blog\/o-titulo-do-seu-post-do-blog-aqui-1767121379261\/#primaryimage"},"image":{"@id":"https:\/\/euherdei.com.br\/blog\/o-titulo-do-seu-post-do-blog-aqui-1767121379261\/#primaryimage"},"thumbnailUrl":"https:\/\/euherdei.com.br\/blog\/wp-content\/uploads\/2026\/04\/HERDEIRO-MENOR-DE-IDADE-como-garantir-a-proteC3A7C3A3o-legal-e-financeira-da-heranC3A7a-para-crianC3A7as-e-adolescentes-scaled.webp","datePublished":"2026-01-07T10:59:59+00:00","dateModified":"2026-04-27T22:35:29+00:00","description":"Um herdeiro menor de idade precisa de prote\u00e7\u00e3o especial. Entenda como garantir os direitos e o futuro financeiro de crian\u00e7as e adolescentes na heran\u00e7a.","breadcrumb":{"@id":"https:\/\/euherdei.com.br\/blog\/o-titulo-do-seu-post-do-blog-aqui-1767121379261\/#breadcrumb"},"inLanguage":"pt-BR","potentialAction":[{"@type":"ReadAction","target":["https:\/\/euherdei.com.br\/blog\/o-titulo-do-seu-post-do-blog-aqui-1767121379261\/"]}]},{"@type":"ImageObject","inLanguage":"pt-BR","@id":"https:\/\/euherdei.com.br\/blog\/o-titulo-do-seu-post-do-blog-aqui-1767121379261\/#primaryimage","url":"https:\/\/euherdei.com.br\/blog\/wp-content\/uploads\/2026\/04\/HERDEIRO-MENOR-DE-IDADE-como-garantir-a-proteC3A7C3A3o-legal-e-financeira-da-heranC3A7a-para-crianC3A7as-e-adolescentes-scaled.webp","contentUrl":"https:\/\/euherdei.com.br\/blog\/wp-content\/uploads\/2026\/04\/HERDEIRO-MENOR-DE-IDADE-como-garantir-a-proteC3A7C3A3o-legal-e-financeira-da-heranC3A7a-para-crianC3A7as-e-adolescentes-scaled.webp","width":2560,"height":1629,"caption":"HERDEIRO-MENOR-DE-IDADE-como-garantir-a-prote\u00e7\u00e3o-legal-e-financeira-da-heran\u00e7a-para-crian\u00e7as-e-adolescentes"},{"@type":"BreadcrumbList","@id":"https:\/\/euherdei.com.br\/blog\/o-titulo-do-seu-post-do-blog-aqui-1767121379261\/#breadcrumb","itemListElement":[{"@type":"ListItem","position":1,"name":"In\u00edcio","item":"https:\/\/euherdei.com.br\/blog\/"},{"@type":"ListItem","position":2,"name":"HERDEIRO MENOR DE IDADE: Como garantir a prote\u00e7\u00e3o legal e financeira da heran\u00e7a para crian\u00e7as e adolescentes"}]},{"@type":"WebSite","@id":"https:\/\/euherdei.com.br\/blog\/#website","url":"https:\/\/euherdei.com.br\/blog\/","name":"Herdei","description":"Conhecimento pr\u00e1tico sobre planejamento sucess\u00f3rio, holding familiar e invent\u00e1rio extrajudicial.","publisher":{"@id":"https:\/\/euherdei.com.br\/blog\/#organization"},"potentialAction":[{"@type":"SearchAction","target":{"@type":"EntryPoint","urlTemplate":"https:\/\/euherdei.com.br\/blog\/?s={search_term_string}"},"query-input":{"@type":"PropertyValueSpecification","valueRequired":true,"valueName":"search_term_string"}}],"inLanguage":"pt-BR"},{"@type":"Organization","@id":"https:\/\/euherdei.com.br\/blog\/#organization","name":"Herdei","url":"https:\/\/euherdei.com.br\/blog\/","logo":{"@type":"ImageObject","inLanguage":"pt-BR","@id":"https:\/\/euherdei.com.br\/blog\/#\/schema\/logo\/image\/","url":"https:\/\/app.euherdei.com.br\/blog\/wp-content\/uploads\/2026\/04\/herdei-logo.png","contentUrl":"https:\/\/app.euherdei.com.br\/blog\/wp-content\/uploads\/2026\/04\/herdei-logo.png","width":501,"height":501,"caption":"Herdei"},"image":{"@id":"https:\/\/euherdei.com.br\/blog\/#\/schema\/logo\/image\/"},"sameAs":["https:\/\/m.facebook.com\/euherdei\/","https:\/\/x.com\/euherdei","https:\/\/www.instagram.com\/euherdei","https:\/\/br.linkedin.com\/company\/euherdei","https:\/\/www.tiktok.com\/@euherdei"]},{"@type":"Person","@id":"https:\/\/euherdei.com.br\/blog\/#\/schema\/person\/73e6ab0e66e227e3e7c591fe540838db","name":"Fala Content","image":{"@type":"ImageObject","inLanguage":"pt-BR","@id":"https:\/\/secure.gravatar.com\/avatar\/6b4c169de7418e1faa2876d0b46a67b0c10f5fc0e913a708099813e248946504?s=96&d=mm&r=g","url":"https:\/\/secure.gravatar.com\/avatar\/6b4c169de7418e1faa2876d0b46a67b0c10f5fc0e913a708099813e248946504?s=96&d=mm&r=g","contentUrl":"https:\/\/secure.gravatar.com\/avatar\/6b4c169de7418e1faa2876d0b46a67b0c10f5fc0e913a708099813e248946504?s=96&d=mm&r=g","caption":"Fala Content"},"url":"https:\/\/euherdei.com.br\/blog\/author\/fala-content\/"}]}},"_links":{"self":[{"href":"https:\/\/euherdei.com.br\/blog\/wp-json\/wp\/v2\/posts\/1376","targetHints":{"allow":["GET"]}}],"collection":[{"href":"https:\/\/euherdei.com.br\/blog\/wp-json\/wp\/v2\/posts"}],"about":[{"href":"https:\/\/euherdei.com.br\/blog\/wp-json\/wp\/v2\/types\/post"}],"author":[{"embeddable":true,"href":"https:\/\/euherdei.com.br\/blog\/wp-json\/wp\/v2\/users\/3"}],"replies":[{"embeddable":true,"href":"https:\/\/euherdei.com.br\/blog\/wp-json\/wp\/v2\/comments?post=1376"}],"version-history":[{"count":1,"href":"https:\/\/euherdei.com.br\/blog\/wp-json\/wp\/v2\/posts\/1376\/revisions"}],"predecessor-version":[{"id":1817,"href":"https:\/\/euherdei.com.br\/blog\/wp-json\/wp\/v2\/posts\/1376\/revisions\/1817"}],"wp:featuredmedia":[{"embeddable":true,"href":"https:\/\/euherdei.com.br\/blog\/wp-json\/wp\/v2\/media\/1375"}],"wp:attachment":[{"href":"https:\/\/euherdei.com.br\/blog\/wp-json\/wp\/v2\/media?parent=1376"}],"wp:term":[{"taxonomy":"category","embeddable":true,"href":"https:\/\/euherdei.com.br\/blog\/wp-json\/wp\/v2\/categories?post=1376"},{"taxonomy":"post_tag","embeddable":true,"href":"https:\/\/euherdei.com.br\/blog\/wp-json\/wp\/v2\/tags?post=1376"}],"curies":[{"name":"wp","href":"https:\/\/api.w.org\/{rel}","templated":true}]}}