{"id":864,"date":"2024-11-26T00:00:00","date_gmt":"2024-11-26T03:00:00","guid":{"rendered":"https:\/\/app.euherdei.com.br\/blog\/como-dividir-a-heranca-de-forma-justa\/"},"modified":"2026-04-27T19:30:34","modified_gmt":"2026-04-27T22:30:34","slug":"como-dividir-a-heranca-de-forma-justa","status":"publish","type":"post","link":"https:\/\/euherdei.com.br\/blog\/como-dividir-a-heranca-de-forma-justa\/","title":{"rendered":"Como Dividir a Heran\u00e7a de Forma Justa"},"content":{"rendered":"<p style=\"line-height: 1.5;\"><span>A divis\u00e3o de heran\u00e7a \u00e9 um processo que requer equil\u00edbrio entre aspectos legais e emocionais. O momento da partilha dos bens pode ser desafiador para as fam\u00edlias, mas existem maneiras de conduzir esse processo de forma harmoniosa e equitativa. Compreender os direitos de cada herdeiro, respeitar as determina\u00e7\u00f5es legais e manter o di\u00e1logo aberto s\u00e3o elementos fundamentais para uma divis\u00e3o justa e sem conflitos, preservando os la\u00e7os familiares e o legado do ente querido.<\/span><span><\/span><\/p>\n<p><!--more--><\/p>\n<h2 style=\"line-height: 1.5;\"><strong>Aspectos Legais da Divis\u00e3o de Heran\u00e7a<\/strong><span><\/span><\/h2>\n<p style=\"line-height: 1.5;\"><span>Antes de iniciar a divis\u00e3o dos bens, \u00e9 fundamental compreender os princ\u00edpios legais que regem a sucess\u00e3o no Brasil. A legisla\u00e7\u00e3o estabelece par\u00e2metros importantes:<\/span><span><\/span><\/p>\n<h3 style=\"line-height: 1.5;\"><strong>Ordem de Sucess\u00e3o<\/strong><span><\/span><\/h3>\n<ol style=\"line-height: 1.5;\">\n<li><span>Descendentes (filhos, netos)<\/span><\/li>\n<li><span>C\u00f4njuge\/companheiro<\/span><\/li>\n<li><span>Ascendentes (pais, av\u00f3s)<\/span><\/li>\n<li><span>Colaterais (irm\u00e3os, tios)<\/span><\/li>\n<\/ol>\n<h3 style=\"line-height: 1.5;\"><strong>Leg\u00edtima e Parte Dispon\u00edvel<\/strong><span><\/span><\/h3>\n<p style=\"line-height: 1.5;\"><span>A sucess\u00e3o leg\u00edtima \u00e9 a ordem de prefer\u00eancia dos herdeiros, estabelecida pela lei, que deve ser seguida e respeitada, e se sobressai \u00e0 vontade das partes. A parte dispon\u00edvel \u00e9 aquela metade que,e m vida, o autor da heran\u00e7a pode destinar \u00e0 quem desejar, mesmo que n\u00e3o seja seu herdeiro direto.&nbsp;<\/span><span><\/span><\/p>\n<ul style=\"line-height: 1.5;\">\n<li><span>50% dos bens s\u00e3o a leg\u00edtima (herdeiros necess\u00e1rios) &#8211; ou seja, metade dos bens do falecido devem ser destinado aos seus herdeiros leg\u00edtimos;&nbsp;<\/span><\/li>\n<li><span>50% podem ser dispostos livremente em testamento &#8211; ou seja, se for de sua vontade, em vida, o autor da heran\u00e7a pode dispor livremente de metade dos seus bens;<\/span><\/li>\n<li><span>Prote\u00e7\u00e3o legal aos herdeiros necess\u00e1rios<\/span><\/li>\n<\/ul>\n<h2 style=\"line-height: 1.5;\"><strong>Prepara\u00e7\u00e3o para a Divis\u00e3o<\/strong><span><\/span><\/h2>\n<p style=\"line-height: 1.5;\"><span>Uma divis\u00e3o bem-sucedida requer prepara\u00e7\u00e3o adequada. Considere os seguintes passos:<\/span><span><\/span><\/p>\n<p><span>Levantamento patrimonial:<\/span><\/p>\n<ul style=\"line-height: 1.5;\">\n<li><span>Identifica\u00e7\u00e3o de todos os bens<\/span><\/li>\n<li><span>Documenta\u00e7\u00e3o atualizada<\/span><\/li>\n<li><span>Avalia\u00e7\u00e3o dos valores<\/span><\/li>\n<\/ul>\n<p><span>Mapeamento de herdeiros:<\/span><\/p>\n<ul style=\"line-height: 1.5;\">\n<li><span>Identifica\u00e7\u00e3o de todos os benefici\u00e1rios<\/span><\/li>\n<li><span>Verifica\u00e7\u00e3o da situa\u00e7\u00e3o legal<\/span><\/li>\n<li><span>Documenta\u00e7\u00e3o necess\u00e1ria<\/span><\/li>\n<\/ul>\n<p><span>Levantamento de eventuais d\u00edvidas:&nbsp;<\/span><\/p>\n<ul style=\"line-height: 1.5;\">\n<li><span>Caso o falecido tenha deixado alguma d\u00edvida, os herdeiros n\u00e3o ser\u00e3o responsabilizados e sim os seus patrim\u00f4nios.&nbsp;<\/span><\/li>\n<\/ul>\n<h2 style=\"line-height: 1.5;\"><strong>Crit\u00e9rios para uma Divis\u00e3o Justa<\/strong><span><\/span><\/h2>\n<p style=\"line-height: 1.5;\"><span>A justi\u00e7a na divis\u00e3o vai al\u00e9m da igualdade matem\u00e1tica. Diversos fatores devem ser considerados:<\/span><span><\/span><\/p>\n<h3 style=\"line-height: 1.5;\"><strong>Aspectos Objetivos<\/strong><span><\/span><\/h3>\n<ul style=\"line-height: 1.5;\">\n<li><span>Valor comercial dos bens<\/span><\/li>\n<li><span>Estado de conserva\u00e7\u00e3o<\/span><\/li>\n<li><span>Liquidez<\/span><\/li>\n<li><span>Custos de manuten\u00e7\u00e3o<\/span><\/li>\n<li><span>Potencial de valoriza\u00e7\u00e3o<\/span><\/li>\n<\/ul>\n<h3 style=\"line-height: 1.5;\"><strong>Aspectos Subjetivos<\/strong><span><\/span><\/h3>\n<ul style=\"line-height: 1.5;\">\n<li><span>Valor afetivo<\/span><\/li>\n<li><span>Hist\u00f3rico familiar<\/span><\/li>\n<li><span>Necessidades espec\u00edficas dos herdeiros<\/span><\/li>\n<li><span>Rela\u00e7\u00e3o pr\u00e9via com os bens<\/span><\/li>\n<\/ul>\n<h2 style=\"line-height: 1.5;\"><strong>Estrat\u00e9gias para Evitar Conflitos<\/strong><span><\/span><\/h2>\n<p style=\"line-height: 1.5;\"><span>O di\u00e1logo e a transpar\u00eancia s\u00e3o fundamentais para uma divis\u00e3o harmoniosa. Algumas estrat\u00e9gias \u00fateis:<\/span><span><\/span><\/p>\n<p><span>Comunica\u00e7\u00e3o efetiva:<\/span><\/p>\n<ul style=\"line-height: 1.5;\">\n<li><span>Reuni\u00f5es familiares<\/span><\/li>\n<li><span>Documenta\u00e7\u00e3o das decis\u00f5es<\/span><\/li>\n<li><span>Escuta ativa de todos os envolvido<\/span><\/li>\n<\/ul>\n<p><span>Media\u00e7\u00e3o profissional:<\/span><\/p>\n<ul style=\"line-height: 1.5;\">\n<li><span>Aux\u00edlio de especialistas<\/span><\/li>\n<li><span>Facilita\u00e7\u00e3o do di\u00e1logo<\/span><\/li>\n<li><span>Busca de consenso<\/span><\/li>\n<\/ul>\n<h2 style=\"line-height: 1.5;\"><strong>M\u00e9todos de Divis\u00e3o<\/strong><span><\/span><\/h2>\n<p style=\"line-height: 1.5;\"><span>Existem diferentes abordagens para realizar a divis\u00e3o dos bens:<\/span><span><\/span><\/p>\n<h3 style=\"line-height: 1.5;\"><strong>Divis\u00e3o por Valor<\/strong><span><\/span><\/h3>\n<ul style=\"line-height: 1.5;\">\n<li><span>Avalia\u00e7\u00e3o t\u00e9cnica dos bens<\/span><\/li>\n<li><span>Distribui\u00e7\u00e3o equitativa em valores<\/span><\/li>\n<li><span>Compensa\u00e7\u00f5es financeiras quando necess\u00e1rio<\/span><\/li>\n<\/ul>\n<h3 style=\"line-height: 1.5;\"><strong>Divis\u00e3o por Categoria<\/strong><span><\/span><\/h3>\n<ul style=\"line-height: 1.5;\">\n<li><span>Agrupamento de bens similares<\/span><\/li>\n<li><span>Distribui\u00e7\u00e3o considerando prefer\u00eancias<\/span><\/li>\n<li><span>Equaliza\u00e7\u00e3o dos valores entre grupos<\/span><\/li>\n<\/ul>\n<h2 style=\"line-height: 1.5;\"><strong>Bens Espec\u00edficos e Suas Particularidades<\/strong><span><\/span><\/h2>\n<p style=\"line-height: 1.5;\"><span>Diferentes tipos de bens requerem considera\u00e7\u00f5es especiais:<\/span><span><\/span><\/p>\n<p><span>Im\u00f3veis:<\/span><\/p>\n<ul style=\"line-height: 1.5;\">\n<li><span>Possibilidade de venda<\/span><\/li>\n<li><span>Condom\u00ednio entre herdeiros<\/span><\/li>\n<li><span>Alugu\u00e9is e rendimentos<\/span><\/li>\n<\/ul>\n<p><span>Empresas:<\/span><\/p>\n<ul style=\"line-height: 1.5;\">\n<li><span>Continuidade dos neg\u00f3cios<\/span><\/li>\n<li><span>Capacidade de gest\u00e3o<\/span><\/li>\n<li><span>Acordos societ\u00e1rios<\/span><\/li>\n<\/ul>\n<p><span>Bens m\u00f3veis:<\/span><\/p>\n<ul style=\"line-height: 1.5;\">\n<li><span>Valor sentimental<\/span><\/li>\n<li><span>Facilidade de divis\u00e3o<\/span><\/li>\n<li><span>Custos de manuten\u00e7\u00e3o<\/span><\/li>\n<\/ul>\n<h2 style=\"line-height: 1.5;\"><strong>Documenta\u00e7\u00e3o e Formaliza\u00e7\u00e3o<\/strong><span><\/span><\/h2>\n<p style=\"line-height: 1.5;\"><span>A documenta\u00e7\u00e3o adequada \u00e9 crucial para evitar problemas futuros:<\/span><span><\/span><\/p>\n<h3 style=\"line-height: 1.5;\"><strong>Documentos Necess\u00e1rios<\/strong><span><\/span><\/h3>\n<ul style=\"line-height: 1.5;\">\n<li><span>Certid\u00f5es atualizadas<\/span><\/li>\n<li><span>Avalia\u00e7\u00f5es oficiais<\/span><\/li>\n<li><span>Acordos escritos<\/span><\/li>\n<li><span>Procura\u00e7\u00f5es<\/span><\/li>\n<\/ul>\n<h3 style=\"line-height: 1.5;\"><strong>Registro das Decis\u00f5es<\/strong><span><\/span><\/h3>\n<ul style=\"line-height: 1.5;\">\n<li><span>Atas de reuni\u00f5es<\/span><\/li>\n<li><span>Termos de acordo<\/span><\/li>\n<li><span>Formal de partilha<\/span><\/li>\n<\/ul>\n<h2 style=\"line-height: 1.5;\"><strong>Aspectos Tribut\u00e1rios<\/strong><span><\/span><\/h2>\n<p style=\"line-height: 1.5;\"><span>A considera\u00e7\u00e3o dos impostos \u00e9 fundamental para uma divis\u00e3o justa:<\/span><span><\/span><\/p>\n<p><span>ITCMD:<\/span><\/p>\n<ul style=\"line-height: 1.5;\">\n<li><span>C\u00e1lculo do imposto<\/span><\/li>\n<li><span>Prazos de pagamento<\/span><\/li>\n<li><span>Poss\u00edveis isen\u00e7\u00f5es<\/span><span><br \/><\/span><\/li>\n<\/ul>\n<p><span>Outros tributos:<\/span><\/p>\n<ul style=\"line-height: 1.5;\">\n<li><span>Custas de transfer\u00eancia<\/span><\/li>\n<li><span>Impostos municipais<\/span><\/li>\n<li><span>Taxas cartoriais<\/span><\/li>\n<\/ul>\n<h2 style=\"line-height: 1.5;\"><strong>Situa\u00e7\u00f5es Especiais<\/strong><span><\/span><\/h2>\n<p style=\"line-height: 1.5;\"><span>Alguns casos requerem aten\u00e7\u00e3o especial:<\/span><span><\/span><\/p>\n<ul style=\"line-height: 1.5;\">\n<li><span>Bens em outros pa\u00edses<\/span><\/li>\n<li><span>Heran\u00e7as digitais<\/span><\/li>\n<li><span>D\u00edvidas do falecido<\/span><\/li>\n<li><span>Bens de valor hist\u00f3rico<\/span><\/li>\n<li><span>Propriedade intelectual<\/span><\/li>\n<\/ul>\n<h2 style=\"line-height: 1.5;\"><strong>Revis\u00e3o e Ajustes<\/strong><span><\/span><\/h2>\n<p style=\"line-height: 1.5;\"><span>O processo de divis\u00e3o pode requerer adapta\u00e7\u00f5es:<\/span><span><\/span><\/p>\n<ol style=\"line-height: 1.5;\">\n<li><span>Acompanhamento peri\u00f3dico<\/span><\/li>\n<li><span>Ajustes necess\u00e1rios<\/span><\/li>\n<li><span>Documenta\u00e7\u00e3o das altera\u00e7\u00f5es<\/span><\/li>\n<li><span>Consenso nas modifica\u00e7\u00f5es<\/span><\/li>\n<\/ol>\n<h2 style=\"line-height: 1.5;\"><strong>Precisa de ajuda para dividir uma heran\u00e7a?<\/strong><span><\/span><\/h2>\n<p style=\"line-height: 1.5;\"><span>A divis\u00e3o de heran\u00e7a \u00e9 um momento delicado que requer experi\u00eancia e conhecimento t\u00e9cnico. A equipe da Herdei est\u00e1 preparada para auxiliar sua fam\u00edlia nesse processo, garantindo uma divis\u00e3o justa e harmoniosa.<\/span><span><\/span><\/p>\n<p style=\"line-height: 1.5;\"><span>Agende uma consulta gratuita e descubra como podemos ajudar sua fam\u00edlia a conduzir esse processo de forma tranquila e eficiente.<\/span><\/p>\n<p style=\"line-height: 1.5;\"><span>Conte com a Herdei para uma divis\u00e3o de heran\u00e7a justa e sem conflitos. Seu patrim\u00f4nio familiar merece esse cuidado.<\/span><\/p>\n","protected":false},"excerpt":{"rendered":"<p style=\"line-height: 1.5;\"><span>A divis\u00e3o de heran\u00e7a \u00e9 um processo que requer equil\u00edbrio entre aspectos legais e emocionais. O momento da partilha dos bens pode ser desafiador para as fam\u00edlias, mas existem maneiras de conduzir esse processo de forma harmoniosa e equitativa. Compreender os direitos de cada herdeiro, respeitar as determina\u00e7\u00f5es legais e manter o di\u00e1logo aberto s\u00e3o elementos fundamentais para uma divis\u00e3o justa e sem conflitos, preservando os la\u00e7os familiares e o legado do ente querido.<\/span><span><\/span><\/p>\n","protected":false},"author":2,"featured_media":863,"comment_status":"closed","ping_status":"","sticky":false,"template":"","format":"standard","meta":{"_yoast_wpseo_title":"Como Dividir a Heran\u00e7a de Forma Justa","_yoast_wpseo_metadesc":"Dicas para dividir a heran\u00e7a de forma justa, equilibrando aspectos legais e emocionais, garantindo uma partilha harmoniosa e preservando os la\u00e7os familiares.","footnotes":""},"categories":[5],"tags":[],"class_list":["post-864","post","type-post","status-publish","format-standard","has-post-thumbnail","hentry","category-heranca"],"yoast_head":"<!-- This site is optimized with the Yoast SEO plugin v27.4 - https:\/\/yoast.com\/product\/yoast-seo-wordpress\/ -->\n<title>Como Dividir a Heran\u00e7a de Forma Justa<\/title>\n<meta name=\"description\" content=\"Dicas para dividir a heran\u00e7a de forma justa, equilibrando aspectos legais e emocionais, garantindo uma partilha harmoniosa e preservando os la\u00e7os familiares.\" \/>\n<meta name=\"robots\" content=\"index, follow, max-snippet:-1, max-image-preview:large, max-video-preview:-1\" \/>\n<link rel=\"canonical\" href=\"https:\/\/euherdei.com.br\/blog\/como-dividir-a-heranca-de-forma-justa\/\" \/>\n<meta property=\"og:locale\" content=\"pt_BR\" \/>\n<meta property=\"og:type\" content=\"article\" \/>\n<meta property=\"og:title\" content=\"Como Dividir a Heran\u00e7a de Forma Justa\" \/>\n<meta property=\"og:description\" content=\"Dicas para dividir a heran\u00e7a de forma justa, equilibrando aspectos legais e emocionais, garantindo uma partilha harmoniosa e preservando os la\u00e7os familiares.\" \/>\n<meta property=\"og:url\" content=\"https:\/\/euherdei.com.br\/blog\/como-dividir-a-heranca-de-forma-justa\/\" \/>\n<meta property=\"og:site_name\" content=\"Herdei Blog\" \/>\n<meta property=\"article:publisher\" content=\"https:\/\/m.facebook.com\/euherdei\/\" \/>\n<meta property=\"article:published_time\" content=\"2024-11-26T03:00:00+00:00\" \/>\n<meta property=\"article:modified_time\" content=\"2026-04-27T22:30:34+00:00\" \/>\n<meta property=\"og:image\" content=\"https:\/\/euherdei.com.br\/blog\/wp-content\/uploads\/2026\/04\/como-dividir-a-heranca-de-forma-justa-scaled.jpeg\" \/>\n\t<meta property=\"og:image:width\" content=\"1707\" \/>\n\t<meta property=\"og:image:height\" content=\"2560\" \/>\n\t<meta property=\"og:image:type\" content=\"image\/jpeg\" \/>\n<meta name=\"author\" content=\"Daniel Duque\" \/>\n<meta name=\"twitter:card\" content=\"summary_large_image\" \/>\n<meta name=\"twitter:creator\" content=\"@euherdei\" \/>\n<meta name=\"twitter:site\" content=\"@euherdei\" \/>\n<meta name=\"twitter:label1\" content=\"Escrito por\" \/>\n\t<meta name=\"twitter:data1\" content=\"Daniel Duque\" \/>\n\t<meta name=\"twitter:label2\" content=\"Est. tempo de leitura\" \/>\n\t<meta name=\"twitter:data2\" content=\"4 minutos\" \/>\n<script type=\"application\/ld+json\" class=\"yoast-schema-graph\">{\"@context\":\"https:\\\/\\\/schema.org\",\"@graph\":[{\"@type\":\"Article\",\"@id\":\"https:\\\/\\\/euherdei.com.br\\\/blog\\\/como-dividir-a-heranca-de-forma-justa\\\/#article\",\"isPartOf\":{\"@id\":\"https:\\\/\\\/euherdei.com.br\\\/blog\\\/como-dividir-a-heranca-de-forma-justa\\\/\"},\"author\":{\"name\":\"Daniel Duque\",\"@id\":\"https:\\\/\\\/euherdei.com.br\\\/blog\\\/#\\\/schema\\\/person\\\/19a9fdfd0c4057a226ae09ae11d1b524\"},\"headline\":\"Como Dividir a Heran\u00e7a de Forma Justa\",\"datePublished\":\"2024-11-26T03:00:00+00:00\",\"dateModified\":\"2026-04-27T22:30:34+00:00\",\"mainEntityOfPage\":{\"@id\":\"https:\\\/\\\/euherdei.com.br\\\/blog\\\/como-dividir-a-heranca-de-forma-justa\\\/\"},\"wordCount\":796,\"publisher\":{\"@id\":\"https:\\\/\\\/euherdei.com.br\\\/blog\\\/#organization\"},\"image\":{\"@id\":\"https:\\\/\\\/euherdei.com.br\\\/blog\\\/como-dividir-a-heranca-de-forma-justa\\\/#primaryimage\"},\"thumbnailUrl\":\"https:\\\/\\\/euherdei.com.br\\\/blog\\\/wp-content\\\/uploads\\\/2026\\\/04\\\/como-dividir-a-heranca-de-forma-justa-scaled.jpeg\",\"articleSection\":[\"Heran\u00e7a\"],\"inLanguage\":\"pt-BR\"},{\"@type\":\"WebPage\",\"@id\":\"https:\\\/\\\/euherdei.com.br\\\/blog\\\/como-dividir-a-heranca-de-forma-justa\\\/\",\"url\":\"https:\\\/\\\/euherdei.com.br\\\/blog\\\/como-dividir-a-heranca-de-forma-justa\\\/\",\"name\":\"Como Dividir a Heran\u00e7a de Forma Justa\",\"isPartOf\":{\"@id\":\"https:\\\/\\\/euherdei.com.br\\\/blog\\\/#website\"},\"primaryImageOfPage\":{\"@id\":\"https:\\\/\\\/euherdei.com.br\\\/blog\\\/como-dividir-a-heranca-de-forma-justa\\\/#primaryimage\"},\"image\":{\"@id\":\"https:\\\/\\\/euherdei.com.br\\\/blog\\\/como-dividir-a-heranca-de-forma-justa\\\/#primaryimage\"},\"thumbnailUrl\":\"https:\\\/\\\/euherdei.com.br\\\/blog\\\/wp-content\\\/uploads\\\/2026\\\/04\\\/como-dividir-a-heranca-de-forma-justa-scaled.jpeg\",\"datePublished\":\"2024-11-26T03:00:00+00:00\",\"dateModified\":\"2026-04-27T22:30:34+00:00\",\"description\":\"Dicas para dividir a heran\u00e7a de forma justa, equilibrando aspectos legais e emocionais, garantindo uma partilha harmoniosa e preservando os la\u00e7os familiares.\",\"breadcrumb\":{\"@id\":\"https:\\\/\\\/euherdei.com.br\\\/blog\\\/como-dividir-a-heranca-de-forma-justa\\\/#breadcrumb\"},\"inLanguage\":\"pt-BR\",\"potentialAction\":[{\"@type\":\"ReadAction\",\"target\":[\"https:\\\/\\\/euherdei.com.br\\\/blog\\\/como-dividir-a-heranca-de-forma-justa\\\/\"]}]},{\"@type\":\"ImageObject\",\"inLanguage\":\"pt-BR\",\"@id\":\"https:\\\/\\\/euherdei.com.br\\\/blog\\\/como-dividir-a-heranca-de-forma-justa\\\/#primaryimage\",\"url\":\"https:\\\/\\\/euherdei.com.br\\\/blog\\\/wp-content\\\/uploads\\\/2026\\\/04\\\/como-dividir-a-heranca-de-forma-justa-scaled.jpeg\",\"contentUrl\":\"https:\\\/\\\/euherdei.com.br\\\/blog\\\/wp-content\\\/uploads\\\/2026\\\/04\\\/como-dividir-a-heranca-de-forma-justa-scaled.jpeg\",\"width\":1707,\"height\":2560},{\"@type\":\"BreadcrumbList\",\"@id\":\"https:\\\/\\\/euherdei.com.br\\\/blog\\\/como-dividir-a-heranca-de-forma-justa\\\/#breadcrumb\",\"itemListElement\":[{\"@type\":\"ListItem\",\"position\":1,\"name\":\"In\u00edcio\",\"item\":\"https:\\\/\\\/euherdei.com.br\\\/blog\\\/\"},{\"@type\":\"ListItem\",\"position\":2,\"name\":\"Como Dividir a Heran\u00e7a de Forma Justa\"}]},{\"@type\":\"WebSite\",\"@id\":\"https:\\\/\\\/euherdei.com.br\\\/blog\\\/#website\",\"url\":\"https:\\\/\\\/euherdei.com.br\\\/blog\\\/\",\"name\":\"Herdei\",\"description\":\"Conhecimento pr\u00e1tico sobre planejamento sucess\u00f3rio, holding familiar e invent\u00e1rio extrajudicial.\",\"publisher\":{\"@id\":\"https:\\\/\\\/euherdei.com.br\\\/blog\\\/#organization\"},\"potentialAction\":[{\"@type\":\"SearchAction\",\"target\":{\"@type\":\"EntryPoint\",\"urlTemplate\":\"https:\\\/\\\/euherdei.com.br\\\/blog\\\/?s={search_term_string}\"},\"query-input\":{\"@type\":\"PropertyValueSpecification\",\"valueRequired\":true,\"valueName\":\"search_term_string\"}}],\"inLanguage\":\"pt-BR\"},{\"@type\":\"Organization\",\"@id\":\"https:\\\/\\\/euherdei.com.br\\\/blog\\\/#organization\",\"name\":\"Herdei\",\"url\":\"https:\\\/\\\/euherdei.com.br\\\/blog\\\/\",\"logo\":{\"@type\":\"ImageObject\",\"inLanguage\":\"pt-BR\",\"@id\":\"https:\\\/\\\/euherdei.com.br\\\/blog\\\/#\\\/schema\\\/logo\\\/image\\\/\",\"url\":\"https:\\\/\\\/app.euherdei.com.br\\\/blog\\\/wp-content\\\/uploads\\\/2026\\\/04\\\/herdei-logo.png\",\"contentUrl\":\"https:\\\/\\\/app.euherdei.com.br\\\/blog\\\/wp-content\\\/uploads\\\/2026\\\/04\\\/herdei-logo.png\",\"width\":501,\"height\":501,\"caption\":\"Herdei\"},\"image\":{\"@id\":\"https:\\\/\\\/euherdei.com.br\\\/blog\\\/#\\\/schema\\\/logo\\\/image\\\/\"},\"sameAs\":[\"https:\\\/\\\/m.facebook.com\\\/euherdei\\\/\",\"https:\\\/\\\/x.com\\\/euherdei\",\"https:\\\/\\\/www.instagram.com\\\/euherdei\",\"https:\\\/\\\/br.linkedin.com\\\/company\\\/euherdei\",\"https:\\\/\\\/www.tiktok.com\\\/@euherdei\"]},{\"@type\":\"Person\",\"@id\":\"https:\\\/\\\/euherdei.com.br\\\/blog\\\/#\\\/schema\\\/person\\\/19a9fdfd0c4057a226ae09ae11d1b524\",\"name\":\"Daniel Duque\",\"image\":{\"@type\":\"ImageObject\",\"inLanguage\":\"pt-BR\",\"@id\":\"https:\\\/\\\/secure.gravatar.com\\\/avatar\\\/715a80719021a56286cdc3386a420e3f6de4d8c18a81bac98b7cd10032ad09d6?s=96&d=mm&r=g\",\"url\":\"https:\\\/\\\/secure.gravatar.com\\\/avatar\\\/715a80719021a56286cdc3386a420e3f6de4d8c18a81bac98b7cd10032ad09d6?s=96&d=mm&r=g\",\"contentUrl\":\"https:\\\/\\\/secure.gravatar.com\\\/avatar\\\/715a80719021a56286cdc3386a420e3f6de4d8c18a81bac98b7cd10032ad09d6?s=96&d=mm&r=g\",\"caption\":\"Daniel Duque\"},\"url\":\"https:\\\/\\\/euherdei.com.br\\\/blog\\\/author\\\/daniel-duque\\\/\"}]}<\/script>\n<!-- \/ Yoast SEO plugin. -->","yoast_head_json":{"title":"Como Dividir a Heran\u00e7a de Forma Justa","description":"Dicas para dividir a heran\u00e7a de forma justa, equilibrando aspectos legais e emocionais, garantindo uma partilha harmoniosa e preservando os la\u00e7os familiares.","robots":{"index":"index","follow":"follow","max-snippet":"max-snippet:-1","max-image-preview":"max-image-preview:large","max-video-preview":"max-video-preview:-1"},"canonical":"https:\/\/euherdei.com.br\/blog\/como-dividir-a-heranca-de-forma-justa\/","og_locale":"pt_BR","og_type":"article","og_title":"Como Dividir a Heran\u00e7a de Forma Justa","og_description":"Dicas para dividir a heran\u00e7a de forma justa, equilibrando aspectos legais e emocionais, garantindo uma partilha harmoniosa e preservando os la\u00e7os familiares.","og_url":"https:\/\/euherdei.com.br\/blog\/como-dividir-a-heranca-de-forma-justa\/","og_site_name":"Herdei Blog","article_publisher":"https:\/\/m.facebook.com\/euherdei\/","article_published_time":"2024-11-26T03:00:00+00:00","article_modified_time":"2026-04-27T22:30:34+00:00","og_image":[{"width":1707,"height":2560,"url":"https:\/\/euherdei.com.br\/blog\/wp-content\/uploads\/2026\/04\/como-dividir-a-heranca-de-forma-justa-scaled.jpeg","type":"image\/jpeg"}],"author":"Daniel Duque","twitter_card":"summary_large_image","twitter_creator":"@euherdei","twitter_site":"@euherdei","twitter_misc":{"Escrito por":"Daniel Duque","Est. tempo de leitura":"4 minutos"},"schema":{"@context":"https:\/\/schema.org","@graph":[{"@type":"Article","@id":"https:\/\/euherdei.com.br\/blog\/como-dividir-a-heranca-de-forma-justa\/#article","isPartOf":{"@id":"https:\/\/euherdei.com.br\/blog\/como-dividir-a-heranca-de-forma-justa\/"},"author":{"name":"Daniel Duque","@id":"https:\/\/euherdei.com.br\/blog\/#\/schema\/person\/19a9fdfd0c4057a226ae09ae11d1b524"},"headline":"Como Dividir a Heran\u00e7a de Forma Justa","datePublished":"2024-11-26T03:00:00+00:00","dateModified":"2026-04-27T22:30:34+00:00","mainEntityOfPage":{"@id":"https:\/\/euherdei.com.br\/blog\/como-dividir-a-heranca-de-forma-justa\/"},"wordCount":796,"publisher":{"@id":"https:\/\/euherdei.com.br\/blog\/#organization"},"image":{"@id":"https:\/\/euherdei.com.br\/blog\/como-dividir-a-heranca-de-forma-justa\/#primaryimage"},"thumbnailUrl":"https:\/\/euherdei.com.br\/blog\/wp-content\/uploads\/2026\/04\/como-dividir-a-heranca-de-forma-justa-scaled.jpeg","articleSection":["Heran\u00e7a"],"inLanguage":"pt-BR"},{"@type":"WebPage","@id":"https:\/\/euherdei.com.br\/blog\/como-dividir-a-heranca-de-forma-justa\/","url":"https:\/\/euherdei.com.br\/blog\/como-dividir-a-heranca-de-forma-justa\/","name":"Como Dividir a Heran\u00e7a de Forma Justa","isPartOf":{"@id":"https:\/\/euherdei.com.br\/blog\/#website"},"primaryImageOfPage":{"@id":"https:\/\/euherdei.com.br\/blog\/como-dividir-a-heranca-de-forma-justa\/#primaryimage"},"image":{"@id":"https:\/\/euherdei.com.br\/blog\/como-dividir-a-heranca-de-forma-justa\/#primaryimage"},"thumbnailUrl":"https:\/\/euherdei.com.br\/blog\/wp-content\/uploads\/2026\/04\/como-dividir-a-heranca-de-forma-justa-scaled.jpeg","datePublished":"2024-11-26T03:00:00+00:00","dateModified":"2026-04-27T22:30:34+00:00","description":"Dicas para dividir a heran\u00e7a de forma justa, equilibrando aspectos legais e emocionais, garantindo uma partilha harmoniosa e preservando os la\u00e7os familiares.","breadcrumb":{"@id":"https:\/\/euherdei.com.br\/blog\/como-dividir-a-heranca-de-forma-justa\/#breadcrumb"},"inLanguage":"pt-BR","potentialAction":[{"@type":"ReadAction","target":["https:\/\/euherdei.com.br\/blog\/como-dividir-a-heranca-de-forma-justa\/"]}]},{"@type":"ImageObject","inLanguage":"pt-BR","@id":"https:\/\/euherdei.com.br\/blog\/como-dividir-a-heranca-de-forma-justa\/#primaryimage","url":"https:\/\/euherdei.com.br\/blog\/wp-content\/uploads\/2026\/04\/como-dividir-a-heranca-de-forma-justa-scaled.jpeg","contentUrl":"https:\/\/euherdei.com.br\/blog\/wp-content\/uploads\/2026\/04\/como-dividir-a-heranca-de-forma-justa-scaled.jpeg","width":1707,"height":2560},{"@type":"BreadcrumbList","@id":"https:\/\/euherdei.com.br\/blog\/como-dividir-a-heranca-de-forma-justa\/#breadcrumb","itemListElement":[{"@type":"ListItem","position":1,"name":"In\u00edcio","item":"https:\/\/euherdei.com.br\/blog\/"},{"@type":"ListItem","position":2,"name":"Como Dividir a Heran\u00e7a de Forma Justa"}]},{"@type":"WebSite","@id":"https:\/\/euherdei.com.br\/blog\/#website","url":"https:\/\/euherdei.com.br\/blog\/","name":"Herdei","description":"Conhecimento pr\u00e1tico sobre planejamento sucess\u00f3rio, holding familiar e invent\u00e1rio extrajudicial.","publisher":{"@id":"https:\/\/euherdei.com.br\/blog\/#organization"},"potentialAction":[{"@type":"SearchAction","target":{"@type":"EntryPoint","urlTemplate":"https:\/\/euherdei.com.br\/blog\/?s={search_term_string}"},"query-input":{"@type":"PropertyValueSpecification","valueRequired":true,"valueName":"search_term_string"}}],"inLanguage":"pt-BR"},{"@type":"Organization","@id":"https:\/\/euherdei.com.br\/blog\/#organization","name":"Herdei","url":"https:\/\/euherdei.com.br\/blog\/","logo":{"@type":"ImageObject","inLanguage":"pt-BR","@id":"https:\/\/euherdei.com.br\/blog\/#\/schema\/logo\/image\/","url":"https:\/\/app.euherdei.com.br\/blog\/wp-content\/uploads\/2026\/04\/herdei-logo.png","contentUrl":"https:\/\/app.euherdei.com.br\/blog\/wp-content\/uploads\/2026\/04\/herdei-logo.png","width":501,"height":501,"caption":"Herdei"},"image":{"@id":"https:\/\/euherdei.com.br\/blog\/#\/schema\/logo\/image\/"},"sameAs":["https:\/\/m.facebook.com\/euherdei\/","https:\/\/x.com\/euherdei","https:\/\/www.instagram.com\/euherdei","https:\/\/br.linkedin.com\/company\/euherdei","https:\/\/www.tiktok.com\/@euherdei"]},{"@type":"Person","@id":"https:\/\/euherdei.com.br\/blog\/#\/schema\/person\/19a9fdfd0c4057a226ae09ae11d1b524","name":"Daniel Duque","image":{"@type":"ImageObject","inLanguage":"pt-BR","@id":"https:\/\/secure.gravatar.com\/avatar\/715a80719021a56286cdc3386a420e3f6de4d8c18a81bac98b7cd10032ad09d6?s=96&d=mm&r=g","url":"https:\/\/secure.gravatar.com\/avatar\/715a80719021a56286cdc3386a420e3f6de4d8c18a81bac98b7cd10032ad09d6?s=96&d=mm&r=g","contentUrl":"https:\/\/secure.gravatar.com\/avatar\/715a80719021a56286cdc3386a420e3f6de4d8c18a81bac98b7cd10032ad09d6?s=96&d=mm&r=g","caption":"Daniel Duque"},"url":"https:\/\/euherdei.com.br\/blog\/author\/daniel-duque\/"}]}},"_links":{"self":[{"href":"https:\/\/euherdei.com.br\/blog\/wp-json\/wp\/v2\/posts\/864","targetHints":{"allow":["GET"]}}],"collection":[{"href":"https:\/\/euherdei.com.br\/blog\/wp-json\/wp\/v2\/posts"}],"about":[{"href":"https:\/\/euherdei.com.br\/blog\/wp-json\/wp\/v2\/types\/post"}],"author":[{"embeddable":true,"href":"https:\/\/euherdei.com.br\/blog\/wp-json\/wp\/v2\/users\/2"}],"replies":[{"embeddable":true,"href":"https:\/\/euherdei.com.br\/blog\/wp-json\/wp\/v2\/comments?post=864"}],"version-history":[{"count":1,"href":"https:\/\/euherdei.com.br\/blog\/wp-json\/wp\/v2\/posts\/864\/revisions"}],"predecessor-version":[{"id":1561,"href":"https:\/\/euherdei.com.br\/blog\/wp-json\/wp\/v2\/posts\/864\/revisions\/1561"}],"wp:featuredmedia":[{"embeddable":true,"href":"https:\/\/euherdei.com.br\/blog\/wp-json\/wp\/v2\/media\/863"}],"wp:attachment":[{"href":"https:\/\/euherdei.com.br\/blog\/wp-json\/wp\/v2\/media?parent=864"}],"wp:term":[{"taxonomy":"category","embeddable":true,"href":"https:\/\/euherdei.com.br\/blog\/wp-json\/wp\/v2\/categories?post=864"},{"taxonomy":"post_tag","embeddable":true,"href":"https:\/\/euherdei.com.br\/blog\/wp-json\/wp\/v2\/tags?post=864"}],"curies":[{"name":"wp","href":"https:\/\/api.w.org\/{rel}","templated":true}]}}